{"id":10580,"date":"2024-09-10T16:02:45","date_gmt":"2024-09-10T20:02:45","guid":{"rendered":"https:\/\/arumbear.com\/pa\/?p=10580"},"modified":"2024-10-09T22:25:32","modified_gmt":"2024-10-10T02:25:32","slug":"yohana-vargas-debuta-en-la-new-york-fashion-week-en-desfile-de-agatha-ruiz-de-la-prada","status":"publish","type":"post","link":"https:\/\/arumbear.com\/pa\/yohana-vargas-debuta-en-la-new-york-fashion-week-en-desfile-de-agatha-ruiz-de-la-prada\/","title":{"rendered":"Yohana Vargas debuta en la New York Fashion Week en desfile de \u00c1gatha Ruiz de la Prada"},"content":{"rendered":"\n<p><strong><em>La influencer colombo-venezolana Yohana Vargas debut\u00f3 en la New York Fashion Week (NYFW)<\/em><\/strong>, una de las pasarelas m\u00e1s relevantes del mundo, en el desfile de la dise\u00f1adora espa\u00f1ola \u00c1gatha Ruiz de la Prada.<\/p>\n\n\n\n<p>Yohana Vargas desfil\u00f3 con un vestido de seda que mostraba una imagen de la propia \u00c1gatha, con ojos, nariz y boca bordados, as\u00ed como una peluca que imitaba su pelo. La prenda se dise\u00f1\u00f3 para la primavera-verano de 2013 con los iconos de la marca, y ahora volvi\u00f3 a la capital del mundo en una colecci\u00f3n retrospectiva que celebr\u00f3 los 15 a\u00f1os de \u00c1gatha Ruiz de la Prada en la New York Fashion Week.<\/p>\n\n\n\n<div class=\"wp-block-image\"><figure class=\"aligncenter size-full\"><a href=\"https:\/\/arumbear.com\/pa\/wp-content\/uploads\/2024\/09\/yoha03.jpg\"><img loading=\"lazy\" decoding=\"async\" width=\"700\" height=\"525\" src=\"https:\/\/arumbear.com\/pa\/wp-content\/uploads\/2024\/09\/yoha03.jpg\" alt=\"\" class=\"wp-image-10583\" srcset=\"https:\/\/arumbear.com\/pa\/wp-content\/uploads\/2024\/09\/yoha03.jpg 700w, https:\/\/arumbear.com\/pa\/wp-content\/uploads\/2024\/09\/yoha03-300x225.jpg 300w, https:\/\/arumbear.com\/pa\/wp-content\/uploads\/2024\/09\/yoha03-80x60.jpg 80w, https:\/\/arumbear.com\/pa\/wp-content\/uploads\/2024\/09\/yoha03-265x198.jpg 265w, https:\/\/arumbear.com\/pa\/wp-content\/uploads\/2024\/09\/yoha03-696x522.jpg 696w, https:\/\/arumbear.com\/pa\/wp-content\/uploads\/2024\/09\/yoha03-560x420.jpg 560w\" sizes=\"auto, (max-width: 700px) 100vw, 700px\" \/><\/a><\/figure><\/div>\n\n\n\n<p>\u201cEs un sue\u00f1o cumplido. Mi primera vez en New York Fashion Week, desfilando para una de las dise\u00f1adoras m\u00e1s top del mundo, con el vestido m\u00e1s especial para ella, ya que llevaba su rostro. Tuve el privilegio de cerrar su desfile e ir agarrada de su mano. No tengo m\u00e1s que sentir agradecimiento\u201d, afirm\u00f3 Vargas.<\/p>\n\n\n\n<p>En su carrera, la influencer se ha ganado el prestigio del p\u00fablico mostr\u00e1ndose tal como es, plantando cara a los desaf\u00edos de la vida y convirtiendo los problemas en oportunidades. Es graduada en Artes, menci\u00f3n cine, por la Universidad Central de Venezuela.<\/p>\n\n\n\n<div class=\"wp-block-image\"><figure class=\"aligncenter size-full\"><a href=\"https:\/\/arumbear.com\/pa\/wp-content\/uploads\/2024\/09\/yoha02.jpg\"><img loading=\"lazy\" decoding=\"async\" width=\"700\" height=\"402\" src=\"https:\/\/arumbear.com\/pa\/wp-content\/uploads\/2024\/09\/yoha02.jpg\" alt=\"\" class=\"wp-image-10582\" srcset=\"https:\/\/arumbear.com\/pa\/wp-content\/uploads\/2024\/09\/yoha02.jpg 700w, https:\/\/arumbear.com\/pa\/wp-content\/uploads\/2024\/09\/yoha02-300x172.jpg 300w, https:\/\/arumbear.com\/pa\/wp-content\/uploads\/2024\/09\/yoha02-696x400.jpg 696w\" sizes=\"auto, (max-width: 700px) 100vw, 700px\" \/><\/a><\/figure><\/div>\n\n\n\n<p><strong>M\u00e1s informaci\u00f3n de Yohana Vargas:<\/strong><br><a rel=\"noreferrer noopener\" href=\"https:\/\/www.facebook.com\/YohanaVargasOficial\" target=\"_blank\">https:\/\/www.facebook.com\/YohanaVargasOficial<\/a><br><a rel=\"noreferrer noopener\" href=\"https:\/\/www.tiktok.com\/@yohanavargasoficial\" target=\"_blank\">https:\/\/www.tiktok.com\/@yohanavargasoficial<\/a><br><a rel=\"noreferrer noopener\" href=\"https:\/\/www.instagram.com\/yohanavargasoficial\" target=\"_blank\">https:\/\/www.instagram.com\/yohanavargasoficial<\/a><\/p>\n\n\n\n<div class=\"wp-block-image\"><figure class=\"aligncenter size-full\"><a href=\"https:\/\/arumbear.com\/pa\/wp-content\/uploads\/2024\/09\/yoha04.jpg\"><img loading=\"lazy\" decoding=\"async\" width=\"700\" height=\"350\" src=\"https:\/\/arumbear.com\/pa\/wp-content\/uploads\/2024\/09\/yoha04.jpg\" alt=\"\" class=\"wp-image-10584\" srcset=\"https:\/\/arumbear.com\/pa\/wp-content\/uploads\/2024\/09\/yoha04.jpg 700w, https:\/\/arumbear.com\/pa\/wp-content\/uploads\/2024\/09\/yoha04-300x150.jpg 300w, https:\/\/arumbear.com\/pa\/wp-content\/uploads\/2024\/09\/yoha04-696x348.jpg 696w\" sizes=\"auto, (max-width: 700px) 100vw, 700px\" \/><\/a><\/figure><\/div>\n\n\n\n<hr class=\"wp-block-separator has-text-color has-background has-luminous-vivid-orange-background-color has-luminous-vivid-orange-color is-style-wide\"\/>\n\n\n\n<p><em>Prensa: EB Public Relations \/ <a href=\"https:\/\/www.instagram.com\/ebpublicrelations\" target=\"_blank\" rel=\"noreferrer noopener\">@ebpublicrelations<\/a><\/em><\/p>\n","protected":false},"excerpt":{"rendered":"<p>La influencer colombo-venezolana Yohana Vargas debut\u00f3 en la New York Fashion Week (NYFW), una de las pasarelas m\u00e1s relevantes del mundo, en el desfile de la dise\u00f1adora espa\u00f1ola \u00c1gatha Ruiz de la Prada. Yohana Vargas desfil\u00f3 con un vestido de seda que mostraba una imagen de la propia \u00c1gatha, con ojos, nariz y boca bordados, <\/p>\n","protected":false},"author":3,"featured_media":10581,"comment_status":"open","ping_status":"open","sticky":false,"template":"","format":"standard","meta":{"ngg_post_thumbnail":0,"footnotes":""},"categories":[2,1276],"tags":[],"class_list":["post-10580","post","type-post","status-publish","format-standard","has-post-thumbnail","hentry","category-featured","category-moda"],"_links":{"self":[{"href":"https:\/\/arumbear.com\/pa\/wp-json\/wp\/v2\/posts\/10580","targetHints":{"allow":["GET"]}}],"collection":[{"href":"https:\/\/arumbear.com\/pa\/wp-json\/wp\/v2\/posts"}],"about":[{"href":"https:\/\/arumbear.com\/pa\/wp-json\/wp\/v2\/types\/post"}],"author":[{"embeddable":true,"href":"https:\/\/arumbear.com\/pa\/wp-json\/wp\/v2\/users\/3"}],"replies":[{"embeddable":true,"href":"https:\/\/arumbear.com\/pa\/wp-json\/wp\/v2\/comments?post=10580"}],"version-history":[{"count":1,"href":"https:\/\/arumbear.com\/pa\/wp-json\/wp\/v2\/posts\/10580\/revisions"}],"predecessor-version":[{"id":10585,"href":"https:\/\/arumbear.com\/pa\/wp-json\/wp\/v2\/posts\/10580\/revisions\/10585"}],"wp:featuredmedia":[{"embeddable":true,"href":"https:\/\/arumbear.com\/pa\/wp-json\/wp\/v2\/media\/10581"}],"wp:attachment":[{"href":"https:\/\/arumbear.com\/pa\/wp-json\/wp\/v2\/media?parent=10580"}],"wp:term":[{"taxonomy":"category","embeddable":true,"href":"https:\/\/arumbear.com\/pa\/wp-json\/wp\/v2\/categories?post=10580"},{"taxonomy":"post_tag","embeddable":true,"href":"https:\/\/arumbear.com\/pa\/wp-json\/wp\/v2\/tags?post=10580"}],"curies":[{"name":"wp","href":"https:\/\/api.w.org\/{rel}","templated":true}]}}