{"id":12483,"date":"2026-03-11T15:42:22","date_gmt":"2026-03-11T20:42:22","guid":{"rendered":"https:\/\/arumbear.com\/pa\/?p=12483"},"modified":"2026-03-11T15:43:45","modified_gmt":"2026-03-11T20:43:45","slug":"diego-el-cigala-tour-internacional-20-anos-de-lagrimas","status":"publish","type":"post","link":"https:\/\/arumbear.com\/pa\/diego-el-cigala-tour-internacional-20-anos-de-lagrimas\/","title":{"rendered":"Diego El Cigala, tour internacional: \u00ab20 a\u00f1os de L\u00e1grimas\u00bb"},"content":{"rendered":"\n<p><em><strong>Diego El Cigala, una de las figuras m\u00e1s importantes del flamenco contempor\u00e1neo, llega a Panam\u00e1 con un emotivo concierto que fusiona su alma flamenca con el sentimiento de la m\u00fasica latina.<\/strong><\/em><\/p>\n\n\n\n<p><strong>Este 17 de mayo a las 7:00 pm, el Teatro Anayansi <\/strong>se vestir\u00e1 de gala con la presentaci\u00f3n del cantaor de flamenco espa\u00f1ol Diego El Cigala, con su tour internacional: \u00ab20 a\u00f1os de L\u00e1grimas\u00bb, donde dar\u00e1 un espect\u00e1culo musical que conmemora el aniversario de L\u00e1grimas negras, una de las producciones discogr\u00e1ficas m\u00e1s reconocidas que El Cigala junto al m\u00fasico y compositor cubano Bebo Vald\u00e9s llev\u00f3 a cabo.<\/p>\n\n\n\n<p>Este disco consagra el compromiso de Diego y su alma flamenca con la m\u00fasica latina y, en especial, con el bolero. Esta ser\u00e1 una noche de mestizaje musical con un recorrido sonoro por Espa\u00f1a, Cuba, Argentina, M\u00e9xico y Colombia, donde con una formaci\u00f3n encabezada por su pianista de los \u00faltimos 15 a\u00f1os, Jaime Calabuch \u00abJumitus\u00bb, contrabajo y percusi\u00f3n, nos llevar\u00e1 a un viaje de melancol\u00eda y multiculturalidad de una de las mejores voces del siglo XXI.<\/p>\n\n\n\n<ul class=\"wp-block-list\">\n<li>17 de mayo<\/li>\n\n\n\n<li>Sala Anayansi &#8211; Centro de Convenciones Atlapa<\/li>\n\n\n\n<li>7:00 pm<\/li>\n\n\n\n<li><strong>Boletos disponibles en: <a href=\"https:\/\/ticketplus.pagatusboletos.com\/venta\/es\/entradas-musica-diego-el-cigala-20-anos-de-lagrimas?_gl=1*8bsaiq*_gcl_au*MjE0MTMzMzEwNi4xNzczMjYwMTkw\" data-type=\"link\" data-id=\"https:\/\/ticketplus.pagatusboletos.com\/venta\/es\/entradas-musica-diego-el-cigala-20-anos-de-lagrimas?_gl=1*8bsaiq*_gcl_au*MjE0MTMzMzEwNi4xNzczMjYwMTkw\" target=\"_blank\" rel=\"noreferrer noopener\">www.ticketpluspty.com<\/a><\/strong> y en los puntos de venta f\u00edsicos de <a href=\"https:\/\/www.instagram.com\/ticketpluspty\" data-type=\"link\" data-id=\"https:\/\/www.instagram.com\/ticketpluspty\" target=\"_blank\" rel=\"noreferrer noopener\">@ticketpluspty<\/a> ubicados en Centennial, Albrook, Obarrio, Calle 50 y Costa del Este.<\/li>\n<\/ul>\n\n\n\n<p><strong>Produce: <a href=\"https:\/\/www.instagram.com\/theeclecticagencypanama\" data-type=\"link\" data-id=\"https:\/\/www.instagram.com\/theeclecticagencypanama\" target=\"_blank\" rel=\"noreferrer noopener\">@theeclecticagencypanama<\/a> | <a href=\"https:\/\/www.instagram.com\/anaestradapty\" data-type=\"link\" data-id=\"https:\/\/www.instagram.com\/anaestradapty\" target=\"_blank\" rel=\"noreferrer noopener\">@anaestradapty<\/a><\/strong><\/p>\n\n\n\n<hr class=\"wp-block-separator has-text-color has-luminous-vivid-orange-color has-alpha-channel-opacity has-luminous-vivid-orange-background-color has-background is-style-wide\"\/>\n","protected":false},"excerpt":{"rendered":"<p>Diego El Cigala, una de las figuras m\u00e1s importantes del flamenco contempor\u00e1neo, llega a Panam\u00e1 con un emotivo concierto que fusiona su alma flamenca con el sentimiento de la m\u00fasica latina. Este 17 de mayo a las 7:00 pm, el Teatro Anayansi se vestir\u00e1 de gala con la presentaci\u00f3n del cantaor de flamenco espa\u00f1ol Diego <\/p>\n","protected":false},"author":3,"featured_media":12484,"comment_status":"open","ping_status":"open","sticky":false,"template":"","format":"standard","meta":{"ngg_post_thumbnail":0,"footnotes":""},"categories":[25],"tags":[],"class_list":["post-12483","post","type-post","status-publish","format-standard","has-post-thumbnail","hentry","category-eventos"],"_links":{"self":[{"href":"https:\/\/arumbear.com\/pa\/wp-json\/wp\/v2\/posts\/12483","targetHints":{"allow":["GET"]}}],"collection":[{"href":"https:\/\/arumbear.com\/pa\/wp-json\/wp\/v2\/posts"}],"about":[{"href":"https:\/\/arumbear.com\/pa\/wp-json\/wp\/v2\/types\/post"}],"author":[{"embeddable":true,"href":"https:\/\/arumbear.com\/pa\/wp-json\/wp\/v2\/users\/3"}],"replies":[{"embeddable":true,"href":"https:\/\/arumbear.com\/pa\/wp-json\/wp\/v2\/comments?post=12483"}],"version-history":[{"count":2,"href":"https:\/\/arumbear.com\/pa\/wp-json\/wp\/v2\/posts\/12483\/revisions"}],"predecessor-version":[{"id":12486,"href":"https:\/\/arumbear.com\/pa\/wp-json\/wp\/v2\/posts\/12483\/revisions\/12486"}],"wp:featuredmedia":[{"embeddable":true,"href":"https:\/\/arumbear.com\/pa\/wp-json\/wp\/v2\/media\/12484"}],"wp:attachment":[{"href":"https:\/\/arumbear.com\/pa\/wp-json\/wp\/v2\/media?parent=12483"}],"wp:term":[{"taxonomy":"category","embeddable":true,"href":"https:\/\/arumbear.com\/pa\/wp-json\/wp\/v2\/categories?post=12483"},{"taxonomy":"post_tag","embeddable":true,"href":"https:\/\/arumbear.com\/pa\/wp-json\/wp\/v2\/tags?post=12483"}],"curies":[{"name":"wp","href":"https:\/\/api.w.org\/{rel}","templated":true}]}}