{"id":9729,"date":"2022-03-03T00:18:34","date_gmt":"2022-03-03T04:18:34","guid":{"rendered":"https:\/\/arumbear.com\/pa\/?p=9729"},"modified":"2022-03-05T23:47:00","modified_gmt":"2022-03-06T03:47:00","slug":"canela-conquista-latinoamerica-con-sus-cometas-de-suenos","status":"publish","type":"post","link":"https:\/\/arumbear.com\/pa\/canela-conquista-latinoamerica-con-sus-cometas-de-suenos\/","title":{"rendered":"Canela conquista Latinoam\u00e9rica con sus \u201cCometas de Sue\u00f1os\u201d"},"content":{"rendered":"\n<p>Luego del \u00e9xito de su primer sencillo \u201cSigues dese\u00e1ndome\u201d y la colaboraci\u00f3n con el artista cubano Montelier, con \u201cTe la quit\u00e9\u201d, la cantante de m\u00fasica urbana Canela nos present\u00f3 su nuevo sencillo titulado \u201cCometas de Sue\u00f1os\u201d, estrenado el pasado s\u00e1bado 19 de febrero, en todas las plataformas digitales.<\/p>\n\n\n\n<p>\u201cCometas de Sue\u00f1os\u201d fue escrita y compuesta por Canela, Ismary Mundaray y Oscar \u201cLolo\u201d Pe\u00f1a. La producci\u00f3n musical estuvo a cargo del venezolano Jos\u00e9 \u201cPepe\u201d Orta de Flama Producciones, reconocido en el ambiente musical italiano por trabajos realizados para artistas como Arisa, Fred de Palma, Alejandra Guzm\u00e1n, entre otros. Todo el proyecto bajo el sello de BiboMusic.<\/p>\n\n\n\n<div class=\"wp-block-image\"><figure class=\"alignright size-full\"><a href=\"https:\/\/arumbear.com\/pa\/wp-content\/uploads\/2022\/03\/canelita02web.jpg\"><img loading=\"lazy\" decoding=\"async\" width=\"350\" height=\"398\" src=\"https:\/\/arumbear.com\/pa\/wp-content\/uploads\/2022\/03\/canelita02web.jpg\" alt=\"\" class=\"wp-image-9731\" srcset=\"https:\/\/arumbear.com\/pa\/wp-content\/uploads\/2022\/03\/canelita02web.jpg 350w, https:\/\/arumbear.com\/pa\/wp-content\/uploads\/2022\/03\/canelita02web-264x300.jpg 264w\" sizes=\"auto, (max-width: 350px) 100vw, 350px\" \/><\/a><\/figure><\/div>\n\n\n\n<p>\u201cEs una historia de amor de j\u00f3venes, que termina por enga\u00f1os, mentiras, situaciones de vida que se suelen vivir en la vida cotidiana del d\u00eda a d\u00eda, donde despu\u00e9s de una tormenta llega la paz y la calma, amar la libertad y quererse ella misma, es su grito de guerra\u201d, defini\u00f3 la cantante suizo-dominicana, Lorena Noem\u00ed Gerber, nombre de pila de Canela, nacida de la escena de la m\u00fasica urbana latina en Europa.<\/p>\n\n\n\n<p>La artista cont\u00f3 con una producci\u00f3n internacional de m\u00e1s alto perfil, desde el punto de vista musical y audiovisual, todo bajo la direcci\u00f3n y producci\u00f3n general de Kandelosa Art Company de la productora venezolana Ismary Mundaray, quien desde Lugano (Suiza) tiene m\u00e1s de 6 a\u00f1os representando el gentilicio criollo en el mundo de la m\u00fasica latina y la moda.<\/p>\n\n\n\n<p>El video fue grabado en Santo Domingo e Italia, en Porto Venere y La Spezia, atractivos tur\u00edsticos de belleza \u00fanica, bajo la direcci\u00f3n de los maestros Alexis Guerra y Cesar Miguel Aquino, con un equipo de profesionales destacados como el fot\u00f3grafo Franco Oriot, La Style Dione Originale de Eleonora Rianda, Andrea Ponce, Jos\u00e9 Mor\u00f3n, Darlen Gonz\u00e1lez y la destacada participaci\u00f3n del modelo German Mesa.<\/p>\n\n\n\n<p>Canela, nacida de la escena de la m\u00fasica urbana latina en Europa, est\u00e1 dotada de inspiraci\u00f3n, talento y presencia esc\u00e9nica apreciados en los espect\u00e1culos de m\u00fasica urbana m\u00e1s importantes de Suiza, pa\u00eds donde reside y present\u00f3 sus dos primeros \u00e9xitos.<\/p>\n\n\n\n<p>Para no perderte cada paso de Canela puedes seguirla en sus Facebook e Instagram como <a href=\"https:\/\/www.instagram.com\/canelitamusica\" target=\"_blank\" rel=\"noreferrer noopener\">@canelitamusica<\/a><\/p>\n\n\n\n<hr class=\"wp-block-separator has-text-color has-background has-luminous-vivid-orange-background-color has-luminous-vivid-orange-color is-style-wide\"\/>\n\n\n\n<p><em>Prensa: Oscar Torres &#8211; The Celebrity Company \/ Caracas &#8211; Venezuela \/ <a rel=\"noreferrer noopener\" href=\"https:\/\/www.instagram.com\/Oskarmanager\" target=\"_blank\">@Oskarmanager<\/a><\/em><\/p>\n\n\n\n<p><\/p>\n\n\n\n<figure class=\"wp-block-embed is-type-video is-provider-youtube wp-block-embed-youtube wp-embed-aspect-16-9 wp-has-aspect-ratio\"><div class=\"wp-block-embed__wrapper\">\n<iframe loading=\"lazy\" title=\"Canela - Cometas de Suen\u0303os (Official Video)\" width=\"640\" height=\"360\" src=\"https:\/\/www.youtube.com\/embed\/uf42NSA-4tk?feature=oembed\" frameborder=\"0\" allow=\"accelerometer; autoplay; clipboard-write; encrypted-media; gyroscope; picture-in-picture; web-share\" referrerpolicy=\"strict-origin-when-cross-origin\" allowfullscreen><\/iframe>\n<\/div><\/figure>\n","protected":false},"excerpt":{"rendered":"<p>Luego del \u00e9xito de su primer sencillo \u201cSigues dese\u00e1ndome\u201d y la colaboraci\u00f3n con el artista cubano Montelier, con \u201cTe la quit\u00e9\u201d, la cantante de m\u00fasica urbana Canela nos present\u00f3 su nuevo sencillo titulado \u201cCometas de Sue\u00f1os\u201d, estrenado el pasado s\u00e1bado 19 de febrero, en todas las plataformas digitales. \u201cCometas de Sue\u00f1os\u201d fue escrita y compuesta <\/p>\n","protected":false},"author":3,"featured_media":9730,"comment_status":"open","ping_status":"open","sticky":false,"template":"","format":"standard","meta":{"ngg_post_thumbnail":0,"footnotes":""},"categories":[2,231,230],"tags":[],"class_list":["post-9729","post","type-post","status-publish","format-standard","has-post-thumbnail","hentry","category-featured","category-internacional","category-musica"],"_links":{"self":[{"href":"https:\/\/arumbear.com\/pa\/wp-json\/wp\/v2\/posts\/9729","targetHints":{"allow":["GET"]}}],"collection":[{"href":"https:\/\/arumbear.com\/pa\/wp-json\/wp\/v2\/posts"}],"about":[{"href":"https:\/\/arumbear.com\/pa\/wp-json\/wp\/v2\/types\/post"}],"author":[{"embeddable":true,"href":"https:\/\/arumbear.com\/pa\/wp-json\/wp\/v2\/users\/3"}],"replies":[{"embeddable":true,"href":"https:\/\/arumbear.com\/pa\/wp-json\/wp\/v2\/comments?post=9729"}],"version-history":[{"count":2,"href":"https:\/\/arumbear.com\/pa\/wp-json\/wp\/v2\/posts\/9729\/revisions"}],"predecessor-version":[{"id":9733,"href":"https:\/\/arumbear.com\/pa\/wp-json\/wp\/v2\/posts\/9729\/revisions\/9733"}],"wp:featuredmedia":[{"embeddable":true,"href":"https:\/\/arumbear.com\/pa\/wp-json\/wp\/v2\/media\/9730"}],"wp:attachment":[{"href":"https:\/\/arumbear.com\/pa\/wp-json\/wp\/v2\/media?parent=9729"}],"wp:term":[{"taxonomy":"category","embeddable":true,"href":"https:\/\/arumbear.com\/pa\/wp-json\/wp\/v2\/categories?post=9729"},{"taxonomy":"post_tag","embeddable":true,"href":"https:\/\/arumbear.com\/pa\/wp-json\/wp\/v2\/tags?post=9729"}],"curies":[{"name":"wp","href":"https:\/\/api.w.org\/{rel}","templated":true}]}}