{"id":33567,"date":"2023-03-22T00:09:16","date_gmt":"2023-03-22T04:09:16","guid":{"rendered":"https:\/\/arumbear.com\/ve\/?p=33567"},"modified":"2023-03-28T00:36:29","modified_gmt":"2023-03-28T04:36:29","slug":"un-sombrerito-une-a-marcos-ms-y-reggi-el-autentico","status":"publish","type":"post","link":"https:\/\/arumbear.com\/ve\/un-sombrerito-une-a-marcos-ms-y-reggi-el-autentico\/","title":{"rendered":"Un \u201cSombrerito\u201d une a Marcos MS y Reggi \u201cEl Aut\u00e9ntico\u201d"},"content":{"rendered":"<p>Por primera vez estos cantautores venezolanos se unen para interpretar un tema que ya ha puesto a bailar a ciento de personas debido a su contagioso ritmo donde se fusionan la vibra tropical y el reggaet\u00f3n.<\/p>\n<p>Luego de darse a conocer como cantautor con temas como: \u201cDame un Chance\u201d, \u201cDeja V\u00fa\u201d (feat Daniela Barranco), \u201cMi Estabilidad\u201d y \u201cBusc\u00e1ndome\u201d \u2013 contando con la colaboraci\u00f3n de Mabel Yeah y Sixto Rein-, Marcos MS (<a href=\"https:\/\/www.instagram.com\/soymsbaby\" target=\"_blank\" rel=\"noopener\">@soymsbaby<\/a>) estren\u00f3 su primer sencillo de 2023 que lleva por t\u00edtulo \u201cSombrerito\u201d y en donde hace d\u00fao con Reggi \u201cEl Aut\u00e9ntico\u201d (<a href=\"https:\/\/www.instagram.com\/reggiautentico\" target=\"_blank\" rel=\"noopener\">@reggiautentico<\/a>).<\/p>\n<p><img loading=\"lazy\" decoding=\"async\" class=\"size-full wp-image-33590 alignright\" src=\"https:\/\/arumbear.com\/ve\/wp-content\/uploads\/2023\/03\/marcos02web.jpg\" alt=\"\" width=\"350\" height=\"350\" srcset=\"https:\/\/arumbear.com\/ve\/wp-content\/uploads\/2023\/03\/marcos02web.jpg 350w, https:\/\/arumbear.com\/ve\/wp-content\/uploads\/2023\/03\/marcos02web-300x300.jpg 300w, https:\/\/arumbear.com\/ve\/wp-content\/uploads\/2023\/03\/marcos02web-150x150.jpg 150w\" sizes=\"auto, (max-width: 350px) 100vw, 350px\" \/><\/p>\n<p>El sencillo, que sale bajo el sello discogr\u00e1fico Chantteo Music (<a href=\"https:\/\/www.instagram.com\/chantteomusic\" target=\"_blank\" rel=\"noopener\">@chantteomusic<\/a>), es una fusi\u00f3n urbana bastante tropical que formar\u00e1 parte del primer disco de Marcos MS, el cual lanzar\u00e1 este mismo a\u00f1o.<\/p>\n<p>\u201cSombrerito\u201d -disponible ya en todas las plataformas digitales de m\u00fasica- fue escrito por Marco Guerra P\u00e1ez \u00abMarcos MS\u00bb, Regginalds Aponte (Reggi \u201cEl Aut\u00e9ntico\u00bb) y Jos\u00e9 Luis Gonz\u00e1lez Guillen \u00abOkaa\u201d. La producci\u00f3n de la canci\u00f3n estuvo a cargo de El\u00edas Krivoy, Manolo de Freitas y Talio S\u00e1nchez quien adem\u00e1s fue el ingeniero musical, de mezcla y mastering. &nbsp;<\/p>\n<p>\u201cEste sencillo es una propuesta fresca con esa vibra y energ\u00eda tropical que nos caracteriza como latinos. El concepto naci\u00f3 de la mano de El\u00edas Krivoy y mi persona cuando trabaj\u00e1bamos varios temas de mi primer disco\u201d, coment\u00f3 Marcos MS quien agreg\u00f3: \u201cQuisimos crear algo bien bailable que todas las personas pudieran disfrutar y gozar, desde los j\u00f3venes hasta los menos j\u00f3venes. Es una canci\u00f3n para el mundo entero que nos representa como latinos\u201d.<\/p>\n<p>La idea de incluir a Reggi \u201cEl Aut\u00e9ntico\u201d surgi\u00f3 al momento de conceptualizar el tema. \u201cJunto a mi equipo de trabajo tomamos la decisi\u00f3n de invitar a Reggi p\u00fablicamente por mis redes sociales y funcion\u00f3 de maravilla pues se sum\u00f3 con su esencia tropical y logramos esta canci\u00f3n que estoy seguro todos van a disfrutar como lo hacemos nosotros\u201d, cont\u00f3 Marcos.<\/p>\n<p><img loading=\"lazy\" decoding=\"async\" class=\"size-full wp-image-33591 aligncenter\" src=\"https:\/\/arumbear.com\/ve\/wp-content\/uploads\/2023\/03\/marcos03web.jpg\" alt=\"\" width=\"700\" height=\"300\" srcset=\"https:\/\/arumbear.com\/ve\/wp-content\/uploads\/2023\/03\/marcos03web.jpg 700w, https:\/\/arumbear.com\/ve\/wp-content\/uploads\/2023\/03\/marcos03web-300x129.jpg 300w, https:\/\/arumbear.com\/ve\/wp-content\/uploads\/2023\/03\/marcos03web-696x298.jpg 696w\" sizes=\"auto, (max-width: 700px) 100vw, 700px\" \/><\/p>\n<p>\u201cSombrerito es todo lo que nos representa como latinos, con esa esencia tropical que nos caracteriza. Estoy s\u00faper feliz de que Reggi se haya sumado a la canci\u00f3n con su vibra y el talento impecable que lo ha caracterizado. Siempre lo anim\u00e9 a lanzarse como cantante porqu\u00e9 ve\u00eda mucho potencial en \u00e9l y a\u00fan lo veo. Este junt\u00e9 con mi muchacho estrella, Marcos MS, va a dar mucho de qu\u00e9 hablar y estoy seguro que todas las personas se van a sentir conectadas con la vibra de la canci\u00f3n\u201d, asegur\u00f3 Emberth Villegas, CEO de Chantteo Music.<\/p>\n<p><iframe loading=\"lazy\" title=\"Marcos MS x \u200b\u2060@reggiautentico  - Sombrerito (Visualizer)\" width=\"640\" height=\"360\" src=\"https:\/\/www.youtube.com\/embed\/p7qeegHJn3E?feature=oembed\" frameborder=\"0\" allow=\"accelerometer; autoplay; clipboard-write; encrypted-media; gyroscope; picture-in-picture; web-share\" referrerpolicy=\"strict-origin-when-cross-origin\" allowfullscreen><\/iframe><\/p>\n<hr>\n<p><em>Pre<\/em><em>nsa: Jennifer Su\u00e1rez \/ <a href=\"https:\/\/www.instagram.com\/jennifer_suarez\" target=\"_blank\" rel=\"noopener\">@jennifer_suarez<\/a><\/em><\/p>\n","protected":false},"excerpt":{"rendered":"<p>Por primera vez estos cantautores venezolanos se unen para interpretar un tema que ya ha puesto a bailar a ciento de personas debido a su contagioso ritmo donde se fusionan la vibra tropical y el reggaet\u00f3n. Luego de darse a conocer como cantautor con temas como: \u201cDame un Chance\u201d, \u201cDeja V\u00fa\u201d (feat Daniela Barranco), \u201cMi <\/p>\n","protected":false},"author":3,"featured_media":33589,"comment_status":"closed","ping_status":"open","sticky":false,"template":"","format":"standard","meta":{"footnotes":""},"categories":[2,231,230],"tags":[],"class_list":["post-33567","post","type-post","status-publish","format-standard","has-post-thumbnail","hentry","category-featured","category-internacional","category-musica"],"_links":{"self":[{"href":"https:\/\/arumbear.com\/ve\/wp-json\/wp\/v2\/posts\/33567","targetHints":{"allow":["GET"]}}],"collection":[{"href":"https:\/\/arumbear.com\/ve\/wp-json\/wp\/v2\/posts"}],"about":[{"href":"https:\/\/arumbear.com\/ve\/wp-json\/wp\/v2\/types\/post"}],"author":[{"embeddable":true,"href":"https:\/\/arumbear.com\/ve\/wp-json\/wp\/v2\/users\/3"}],"replies":[{"embeddable":true,"href":"https:\/\/arumbear.com\/ve\/wp-json\/wp\/v2\/comments?post=33567"}],"version-history":[{"count":3,"href":"https:\/\/arumbear.com\/ve\/wp-json\/wp\/v2\/posts\/33567\/revisions"}],"predecessor-version":[{"id":33593,"href":"https:\/\/arumbear.com\/ve\/wp-json\/wp\/v2\/posts\/33567\/revisions\/33593"}],"wp:featuredmedia":[{"embeddable":true,"href":"https:\/\/arumbear.com\/ve\/wp-json\/wp\/v2\/media\/33589"}],"wp:attachment":[{"href":"https:\/\/arumbear.com\/ve\/wp-json\/wp\/v2\/media?parent=33567"}],"wp:term":[{"taxonomy":"category","embeddable":true,"href":"https:\/\/arumbear.com\/ve\/wp-json\/wp\/v2\/categories?post=33567"},{"taxonomy":"post_tag","embeddable":true,"href":"https:\/\/arumbear.com\/ve\/wp-json\/wp\/v2\/tags?post=33567"}],"curies":[{"name":"wp","href":"https:\/\/api.w.org\/{rel}","templated":true}]}}