{"id":33595,"date":"2023-03-22T00:29:40","date_gmt":"2023-03-22T04:29:40","guid":{"rendered":"https:\/\/arumbear.com\/ve\/?p=33595"},"modified":"2023-03-28T00:36:45","modified_gmt":"2023-03-28T04:36:45","slug":"danny-ocean-celebra-nominacion-a-los-latin-american-music-awards-y-colaboracion-con-alejandro-sanz","status":"publish","type":"post","link":"https:\/\/arumbear.com\/ve\/danny-ocean-celebra-nominacion-a-los-latin-american-music-awards-y-colaboracion-con-alejandro-sanz\/","title":{"rendered":"Danny Ocean celebra nominaci\u00f3n a los Latin American Music Awards y colaboraci\u00f3n con Alejandro Sanz"},"content":{"rendered":"<p>El cantautor se convierte en el \u00fanico artista venezolano nominado para la octava edici\u00f3n de los premios estadounidenses y presenta un nuevo rumbo junto al icono de la m\u00fasica.<\/p>\n<p>Danny Ocean celebra nominaci\u00f3n como Mejor \u00c1lbum Pop por @dannocean en la octava edici\u00f3n de los Latin American Music Awards, que se llevar\u00e1n a cabo el pr\u00f3ximo 20 de abril. Hasta el 26 de marzo podr\u00e1n votar por el \u00fanico venezolano nominado a los premios estadounidenses en la categor\u00eda que comparte con Camilo, Sebastian Yatra, Becky G y Rosalia.<\/p>\n<p><img loading=\"lazy\" decoding=\"async\" class=\"alignright size-full wp-image-33598\" src=\"https:\/\/arumbear.com\/ve\/wp-content\/uploads\/2023\/03\/danny02web.jpg\" alt=\"\" width=\"350\" height=\"495\" srcset=\"https:\/\/arumbear.com\/ve\/wp-content\/uploads\/2023\/03\/danny02web.jpg 350w, https:\/\/arumbear.com\/ve\/wp-content\/uploads\/2023\/03\/danny02web-212x300.jpg 212w, https:\/\/arumbear.com\/ve\/wp-content\/uploads\/2023\/03\/danny02web-297x420.jpg 297w\" sizes=\"auto, (max-width: 350px) 100vw, 350px\" \/><\/p>\n<p>En medio de una exitosa gira SOLD OUT en plazas importantes como el Wizik en Madrid, su participaci\u00f3n en los festivales m\u00e1s importantes del mundo, Danny no para de trabajar en su m\u00fasica y en colaboraciones; este lunes sorprendi\u00f3 con una apuesta inesperada construida sobre bases donde confluyen el pop, lo urbano y al aire sure\u00f1o del reconocido cantautor Alejandro Sanz que lleva por nombre \u201cCorrecaminos\u201d, que se estrenar\u00e1 el pr\u00f3ximo viernes 24 de marzo como parte de un EP compuesto por tres canciones.<\/p>\n<p>\u201cAlejandro Sanz es mi artista favorito, imag\u00ednate poder colaborar con tu artista favorito en una canci\u00f3n que coescribiste con \u00e9l. Es m\u00e1gico. No s\u00e9 c\u00f3mo describirlo honestamente. M\u00e1s all\u00e1 de todo el ambiente musical y art\u00edstico, el hecho de poder compartir personalmente con Alejandro, es un honor y una bendici\u00f3n\u201d, cuenta uno de los artistas m\u00e1s prol\u00edficos a nivel mundial y uno de los mayores productores de \u00e9xitos latinos sobre este nuevo \u00e9xito en su carrera musical.<\/p>\n<p>Durante 2022, Danny Ocean recibi\u00f3 cinco nominaciones de prestigiosos premios, resultando ganador en MTV MIAW, MTV EMA, Premios Juventud de Univisi\u00f3n, Los 40 Espa\u00f1a y Premios Heat donde recibi\u00f3 el premio como Mejor Artista Regi\u00f3n Andina (Colombia, Ecuador Y Venezuela).<\/p>\n<p><strong>Sigue los pasos de Danny Ocean:<\/strong><br \/>\n<a href=\"https:\/\/www.instagram.com\/dannocean\/\" target=\"_blank\" rel=\"noopener\">Instagram<\/a><br \/>\n<a href=\"https:\/\/twitter.com\/dannocean\" target=\"_blank\" rel=\"noopener\">Twitter<\/a><br \/>\n<a href=\"https:\/\/www.facebook.com\/dannoceanmusic\" target=\"_blank\" rel=\"noopener\">Facebook<\/a><br \/>\n<a href=\"https:\/\/www.tiktok.com\/@dannocean\" target=\"_blank\" rel=\"noopener\">TikTok<\/a><br \/>\n<a href=\"https:\/\/triller.co\/@dannocean\" target=\"_blank\" rel=\"noopener\">Triller<\/a><\/p>\n<hr>\n<p><i><em>Prensa: Daniela Cestari<br \/>\nDC Comunicaciones \/ <a href=\"https:\/\/www.instagram.com\/dc.comunicaciones\" target=\"_blank\" rel=\"noopener\">@dc.comunicaciones<\/a><\/em><\/i><\/p>\n","protected":false},"excerpt":{"rendered":"<p>El cantautor se convierte en el \u00fanico artista venezolano nominado para la octava edici\u00f3n de los premios estadounidenses y presenta un nuevo rumbo junto al icono de la m\u00fasica. Danny Ocean celebra nominaci\u00f3n como Mejor \u00c1lbum Pop por @dannocean en la octava edici\u00f3n de los Latin American Music Awards, que se llevar\u00e1n a cabo el <\/p>\n","protected":false},"author":3,"featured_media":33597,"comment_status":"closed","ping_status":"open","sticky":false,"template":"","format":"standard","meta":{"footnotes":""},"categories":[2,231,230],"tags":[],"class_list":["post-33595","post","type-post","status-publish","format-standard","has-post-thumbnail","hentry","category-featured","category-internacional","category-musica"],"_links":{"self":[{"href":"https:\/\/arumbear.com\/ve\/wp-json\/wp\/v2\/posts\/33595","targetHints":{"allow":["GET"]}}],"collection":[{"href":"https:\/\/arumbear.com\/ve\/wp-json\/wp\/v2\/posts"}],"about":[{"href":"https:\/\/arumbear.com\/ve\/wp-json\/wp\/v2\/types\/post"}],"author":[{"embeddable":true,"href":"https:\/\/arumbear.com\/ve\/wp-json\/wp\/v2\/users\/3"}],"replies":[{"embeddable":true,"href":"https:\/\/arumbear.com\/ve\/wp-json\/wp\/v2\/comments?post=33595"}],"version-history":[{"count":4,"href":"https:\/\/arumbear.com\/ve\/wp-json\/wp\/v2\/posts\/33595\/revisions"}],"predecessor-version":[{"id":33601,"href":"https:\/\/arumbear.com\/ve\/wp-json\/wp\/v2\/posts\/33595\/revisions\/33601"}],"wp:featuredmedia":[{"embeddable":true,"href":"https:\/\/arumbear.com\/ve\/wp-json\/wp\/v2\/media\/33597"}],"wp:attachment":[{"href":"https:\/\/arumbear.com\/ve\/wp-json\/wp\/v2\/media?parent=33595"}],"wp:term":[{"taxonomy":"category","embeddable":true,"href":"https:\/\/arumbear.com\/ve\/wp-json\/wp\/v2\/categories?post=33595"},{"taxonomy":"post_tag","embeddable":true,"href":"https:\/\/arumbear.com\/ve\/wp-json\/wp\/v2\/tags?post=33595"}],"curies":[{"name":"wp","href":"https:\/\/api.w.org\/{rel}","templated":true}]}}