{"id":33615,"date":"2023-03-22T01:45:17","date_gmt":"2023-03-22T05:45:17","guid":{"rendered":"https:\/\/arumbear.com\/ve\/?p=33615"},"modified":"2023-03-22T01:45:17","modified_gmt":"2023-03-22T05:45:17","slug":"automercados-plazas-celebra-60-anos-y-renueva-su-imagen","status":"publish","type":"post","link":"https:\/\/arumbear.com\/ve\/automercados-plazas-celebra-60-anos-y-renueva-su-imagen\/","title":{"rendered":"Automercados Plaza\u2019s celebra 60 a\u00f1os y renueva su imagen"},"content":{"rendered":"<p><strong><em>Automercados Plaza\u2019s arriba a su 60\u00b0 aniversario y lo celebra con la presentaci\u00f3n de su nueva imagen, junto a una amplia programaci\u00f3n de actividades durante todo el 2023.<\/em><\/strong><\/p>\n<p>Cabe destacar que la cadena abri\u00f3 su primera tienda en marzo de 1963, en la urbanizaci\u00f3n de Prados del Este. Poco a poco se expandi\u00f3 hasta llegar a tener, hoy en d\u00eda, 23 sucursales, entre la Gran Caracas, Valencia e Higuerote. Actualmente, Automercados Plaza\u00b4s es una de las principales cadenas del pa\u00eds.<\/p>\n<p>Adicionalmente, en diciembre del 2022, la empresa fue certificada como Great Place to Work\u00ae, que la convierte en la primera cadena de automercados en Venezuela en obtener dicho aval.<\/p>\n<p>Ser\u00e1 un a\u00f1o especial para colaboradores, clientes, proveedores y aliados comerciales del Plaza\u2019s. Se vivir\u00e1n gratas sorpresas, atractivas promociones y por supuesto volver\u00e1 la 8va. edici\u00f3n del Torneo de Golf, as\u00ed como la reconocida carrera en su 9na. edici\u00f3n, de 21 km y 5 km, enmarcados en la celebraci\u00f3n de 60 a\u00f1os, con la respectiva responsabilidad social que promueve la Fundaci\u00f3n Plaza\u2019s.<\/p>\n<figure id=\"attachment_33619\" aria-describedby=\"caption-attachment-33619\" style=\"width: 350px\" class=\"wp-caption alignright\"><img loading=\"lazy\" decoding=\"async\" class=\"size-full wp-image-33619\" src=\"https:\/\/arumbear.com\/ve\/wp-content\/uploads\/2023\/03\/plazas03web.jpg\" alt=\"\" width=\"350\" height=\"350\" srcset=\"https:\/\/arumbear.com\/ve\/wp-content\/uploads\/2023\/03\/plazas03web.jpg 350w, https:\/\/arumbear.com\/ve\/wp-content\/uploads\/2023\/03\/plazas03web-300x300.jpg 300w, https:\/\/arumbear.com\/ve\/wp-content\/uploads\/2023\/03\/plazas03web-150x150.jpg 150w\" sizes=\"auto, (max-width: 350px) 100vw, 350px\" \/><figcaption id=\"caption-attachment-33619\" class=\"wp-caption-text\">Mar\u00eda Alexandra Bertolani y Mercedes Collado<\/figcaption><\/figure>\n<p>\u201cAlcanzar 60 a\u00f1os representa un ejemplo de constancia, esfuerzo, dedicaci\u00f3n y pasi\u00f3n por lo que hacemos. Nos caracteriza la responsabilidad, tradici\u00f3n, nos gusta trabajar en equipo y evolucionar con el mercado. La confianza y fidelidad de cada uno de nuestros clientes nos llena de mucha satisfacci\u00f3n. Es esto lo que nos permite crecer, generar empleo y nos motiva a esforzarnos por y para ellos. Cada apertura de una sucursal es una oportunidad de sumar nuevos clientes, de llegar a m\u00e1s hogares en Venezuela\u201d, se\u00f1ala Marcelino Da Ressureicao, Director de Finanzas y Planificaci\u00f3n Estrat\u00e9gica.<\/p>\n<p>Automercados Plaza\u2019s es una empresa familiar que contin\u00faa construyendo pa\u00eds. La cadena genera m\u00e1s de 2.900 empleos en Venezuela y se preocupa siempre por la formaci\u00f3n, para ser cada d\u00eda mejor y buscar la excelencia. &nbsp;Posee m\u00e1s de 800 proveedores con los cuales diariamente trabaja de la mano, para llevar a los anaqueles los mejores productos.<\/p>\n<p>Es reconocida por su propuesta de valor en la frescura de sus perecederos, el excelente surtido de productos, su atenci\u00f3n clase aparte, los precios accesibles de sus promociones \u201cImbatibles\u201d y su club de fidelidad Suma Plaza\u2019s. Durante este a\u00f1o 2023, Automercados Plaza\u2019s continuar\u00e1 trabajando arduamente y expandi\u00e9ndose con nuevas sucursales en otras zonas de la capital.<\/p>\n<p>Este aniversario trae consigo la renovaci\u00f3n de la imagen de la cadena. La ocasi\u00f3n fue propicia para refrescar y modernizar la marca. \u201cDespu\u00e9s de varios a\u00f1os lleg\u00f3 el momento de evolucionar, de presentar una imagen m\u00e1s fresca, cercana, m\u00e1s ecol\u00f3gica. Hemos conservado nuestros colores y nuestro emblem\u00e1tico carrito de mercado. Con este cambio nos adaptamos a las tendencias globales para dise\u00f1ar un logo m\u00e1s minimalista y m\u00e1s limpio, sin perder nuestra esencia\u201d, explica Mercedes Collado, Directora de Publicidad y Mercadeo de Automercados Plaza\u2019s.<\/p>\n<p><img loading=\"lazy\" decoding=\"async\" class=\"size-full wp-image-33618 aligncenter\" src=\"https:\/\/arumbear.com\/ve\/wp-content\/uploads\/2023\/03\/plazas02web.jpg\" alt=\"\" width=\"700\" height=\"250\" srcset=\"https:\/\/arumbear.com\/ve\/wp-content\/uploads\/2023\/03\/plazas02web.jpg 700w, https:\/\/arumbear.com\/ve\/wp-content\/uploads\/2023\/03\/plazas02web-300x107.jpg 300w, https:\/\/arumbear.com\/ve\/wp-content\/uploads\/2023\/03\/plazas02web-696x250.jpg 696w\" sizes=\"auto, (max-width: 700px) 100vw, 700px\" \/><\/p>\n<p>Con la apertura de la tienda de San Antonio de los Altos, inici\u00f3 el ciclo de refrescamiento de la imagen en diciembre del 2022. Cada una de las sucursales, estar\u00e1n siendo intervenidas de manera paulatina, a lo largo del a\u00f1o hasta cerrar el ciclo. &nbsp;<\/p>\n<p>Para conocer todas las iniciativas y noticias de Automercados Plaza\u2019s por sus 60 a\u00f1os, que estar\u00e1n celebrando hasta el mes de diciembre, est\u00e1n disponibles sus redes sociales: Instagram <a href=\"https:\/\/www.instagram.com\/elplazas\" target=\"_blank\" rel=\"noopener\">@elplazas<\/a>, twitter <a href=\"https:\/\/www.twitter.com\/elplazas\" target=\"_blank\" rel=\"noopener\">@elplazas<\/a>, canal de YouTube Zona Deleite Plaza\u2019s y su fan page de Facebook como Automercados Plazas.<\/p>\n<hr>\n<p><em>Prensa: Alejandro Barrera<br \/>\nC&amp;M Soluciones de Marketing \/ <a href=\"https:\/\/www.instagram.com\/cymmarketingve\" target=\"_blank\" rel=\"noopener\">@cymmarketingve<\/a><\/em><\/p>\n","protected":false},"excerpt":{"rendered":"<p>Automercados Plaza\u2019s arriba a su 60\u00b0 aniversario y lo celebra con la presentaci\u00f3n de su nueva imagen, junto a una amplia programaci\u00f3n de actividades durante todo el 2023. Cabe destacar que la cadena abri\u00f3 su primera tienda en marzo de 1963, en la urbanizaci\u00f3n de Prados del Este. Poco a poco se expandi\u00f3 hasta llegar <\/p>\n","protected":false},"author":3,"featured_media":33617,"comment_status":"closed","ping_status":"open","sticky":false,"template":"","format":"standard","meta":{"footnotes":""},"categories":[23],"tags":[],"class_list":["post-33615","post","type-post","status-publish","format-standard","has-post-thumbnail","hentry","category-noticias"],"_links":{"self":[{"href":"https:\/\/arumbear.com\/ve\/wp-json\/wp\/v2\/posts\/33615","targetHints":{"allow":["GET"]}}],"collection":[{"href":"https:\/\/arumbear.com\/ve\/wp-json\/wp\/v2\/posts"}],"about":[{"href":"https:\/\/arumbear.com\/ve\/wp-json\/wp\/v2\/types\/post"}],"author":[{"embeddable":true,"href":"https:\/\/arumbear.com\/ve\/wp-json\/wp\/v2\/users\/3"}],"replies":[{"embeddable":true,"href":"https:\/\/arumbear.com\/ve\/wp-json\/wp\/v2\/comments?post=33615"}],"version-history":[{"count":2,"href":"https:\/\/arumbear.com\/ve\/wp-json\/wp\/v2\/posts\/33615\/revisions"}],"predecessor-version":[{"id":33620,"href":"https:\/\/arumbear.com\/ve\/wp-json\/wp\/v2\/posts\/33615\/revisions\/33620"}],"wp:featuredmedia":[{"embeddable":true,"href":"https:\/\/arumbear.com\/ve\/wp-json\/wp\/v2\/media\/33617"}],"wp:attachment":[{"href":"https:\/\/arumbear.com\/ve\/wp-json\/wp\/v2\/media?parent=33615"}],"wp:term":[{"taxonomy":"category","embeddable":true,"href":"https:\/\/arumbear.com\/ve\/wp-json\/wp\/v2\/categories?post=33615"},{"taxonomy":"post_tag","embeddable":true,"href":"https:\/\/arumbear.com\/ve\/wp-json\/wp\/v2\/tags?post=33615"}],"curies":[{"name":"wp","href":"https:\/\/api.w.org\/{rel}","templated":true}]}}