{"id":33645,"date":"2023-03-22T18:25:52","date_gmt":"2023-03-22T22:25:52","guid":{"rendered":"https:\/\/arumbear.com\/ve\/?p=33645"},"modified":"2023-03-28T22:35:07","modified_gmt":"2023-03-29T02:35:07","slug":"carorena-verano-ahora-tiene-nueva-presentacion","status":"publish","type":"post","link":"https:\/\/arumbear.com\/ve\/carorena-verano-ahora-tiene-nueva-presentacion\/","title":{"rendered":"Carore\u00f1a Verano ahora tiene nueva presentaci\u00f3n"},"content":{"rendered":"<p><strong><em>Carore\u00f1a Verano, la sangr\u00eda tinta gasificada con un toque de lim\u00f3n, celebra la salida de su nueva presentaci\u00f3n que le permitir\u00e1 acompa\u00f1ar a los consumidores en nuevas ocasiones de consumo gracias a su lata de 250 ml.<\/em><\/strong><\/p>\n<p>El nuevo y llamativo empaque de Carore\u00f1a Verano es desechable y con la cantidad justa y f\u00e1cil de enfriar para disfrutar la aut\u00e9ntica sangr\u00eda en cualquier ocasi\u00f3n de consumo.<\/p>\n<p>\u201cA un a\u00f1o del lanzamiento de Carore\u00f1a Verano queremos seguir innovado y entregando nuevas noticias, en esta oportunidad deseamos ofrecerles a nuestros consumidores la versatilidad de un nuevo empaque desechable, pr\u00e1ctico y con la cantidad ideal para disfrutar y llevar a cualquier ocasi\u00f3n\u201d, explic\u00f3 Beatriz Pachano, gerente de Mercadeo de Bodegas Pomar.<\/p>\n<p>La presentaci\u00f3n de 250 ml en lata es liviana, f\u00e1cil de llevar a la playa, piscina, una parrilla o cualquier celebraci\u00f3n en casa. El dise\u00f1o es juvenil, colorido e invita al disfrute; por su material permite que se enfri\u00e9 m\u00e1s r\u00e1pido y por m\u00e1s tiempo.<\/p>\n<p>El dise\u00f1o de la lata fue generado por Soho141 Coimbra y ajustado por Art Grafic de la mano de Silvia Mola, quien explic\u00f3: \u201cEstos dise\u00f1os de lata pocas veces se desarrollan porque son fotograf\u00edas que tienen que ser adaptadas al sistema de impresi\u00f3n, no son colores planos, se necesita de una exigencia de calidad muy alta para mantenerlo en l\u00ednea para su reproducci\u00f3n gr\u00e1fica\u201d. Esta salida ha sido un gran logro de parte de y ArtGrafic y la Planta Superenvases de Empresas Polar.<\/p>\n<p><img loading=\"lazy\" decoding=\"async\" class=\"alignright wp-image-33648\" src=\"https:\/\/arumbear.com\/ve\/wp-content\/uploads\/2023\/03\/sangria02web.jpg\" alt=\"\" width=\"350\" height=\"540\" srcset=\"https:\/\/arumbear.com\/ve\/wp-content\/uploads\/2023\/03\/sangria02web.jpg 400w, https:\/\/arumbear.com\/ve\/wp-content\/uploads\/2023\/03\/sangria02web-194x300.jpg 194w, https:\/\/arumbear.com\/ve\/wp-content\/uploads\/2023\/03\/sangria02web-272x420.jpg 272w\" sizes=\"auto, (max-width: 350px) 100vw, 350px\" \/><\/p>\n<p>Para anunciar este lanzamiento, Carore\u00f1a Verano desplegar\u00e1 una campa\u00f1a de comunicaci\u00f3n que incluye piezas y promociones para puntos de venta, y material para redes sociales. Con la frase Dest\u00e1pame y listo, Carore\u00f1a Verano en lata 250 ml, presenta un set de piezas que reflejan su esp\u00edritu juvenil, refrescante y vers\u00e1til as\u00ed como las principales caracter\u00edsticas organol\u00e9pticas del producto, el toque de lim\u00f3n y su burbujeante sabor.<\/p>\n<p>El concepto de campa\u00f1a fue dise\u00f1ado por las agencias publicitarias Soho 141 Coimbra en ATL y Mutato en digital.<\/p>\n<p>La salida de esta nueva presentaci\u00f3n de Carore\u00f1a Verano en lata de 250ml se suma a la presentaci\u00f3n en botella de vidrio retornable de 222ml, y al portafolio de Carore\u00f1a Blanca, Tinta y Rosada, fortaleciendo as\u00ed la versatilidad de la marca. Esta nueva presentaci\u00f3n se podr\u00e1 encontrar principalmente en licorer\u00edas, cadenas de supermercados, automercados y supermercados independientes.<\/p>\n<p><strong>Para m\u00e1s noticias de la marca se puede consultar a trav\u00e9s de su cuenta en Instagram y Twiter<\/strong> <a href=\"https:\/\/www.instagram.com\/carorenave\" target=\"_blank\" rel=\"noopener\">@carorenave<\/a> <strong>y Facebook<\/strong> carorenave.<\/p>\n<hr>\n<p><em>Prensa: Vanessa G\u00f3mez Quiroz \/ Empresas Polar<\/em><\/p>\n","protected":false},"excerpt":{"rendered":"<p>Carore\u00f1a Verano, la sangr\u00eda tinta gasificada con un toque de lim\u00f3n, celebra la salida de su nueva presentaci\u00f3n que le permitir\u00e1 acompa\u00f1ar a los consumidores en nuevas ocasiones de consumo gracias a su lata de 250 ml. El nuevo y llamativo empaque de Carore\u00f1a Verano es desechable y con la cantidad justa y f\u00e1cil de <\/p>\n","protected":false},"author":3,"featured_media":33647,"comment_status":"closed","ping_status":"open","sticky":false,"template":"","format":"standard","meta":{"footnotes":""},"categories":[2,23],"tags":[],"class_list":["post-33645","post","type-post","status-publish","format-standard","has-post-thumbnail","hentry","category-featured","category-noticias"],"_links":{"self":[{"href":"https:\/\/arumbear.com\/ve\/wp-json\/wp\/v2\/posts\/33645","targetHints":{"allow":["GET"]}}],"collection":[{"href":"https:\/\/arumbear.com\/ve\/wp-json\/wp\/v2\/posts"}],"about":[{"href":"https:\/\/arumbear.com\/ve\/wp-json\/wp\/v2\/types\/post"}],"author":[{"embeddable":true,"href":"https:\/\/arumbear.com\/ve\/wp-json\/wp\/v2\/users\/3"}],"replies":[{"embeddable":true,"href":"https:\/\/arumbear.com\/ve\/wp-json\/wp\/v2\/comments?post=33645"}],"version-history":[{"count":2,"href":"https:\/\/arumbear.com\/ve\/wp-json\/wp\/v2\/posts\/33645\/revisions"}],"predecessor-version":[{"id":33649,"href":"https:\/\/arumbear.com\/ve\/wp-json\/wp\/v2\/posts\/33645\/revisions\/33649"}],"wp:featuredmedia":[{"embeddable":true,"href":"https:\/\/arumbear.com\/ve\/wp-json\/wp\/v2\/media\/33647"}],"wp:attachment":[{"href":"https:\/\/arumbear.com\/ve\/wp-json\/wp\/v2\/media?parent=33645"}],"wp:term":[{"taxonomy":"category","embeddable":true,"href":"https:\/\/arumbear.com\/ve\/wp-json\/wp\/v2\/categories?post=33645"},{"taxonomy":"post_tag","embeddable":true,"href":"https:\/\/arumbear.com\/ve\/wp-json\/wp\/v2\/tags?post=33645"}],"curies":[{"name":"wp","href":"https:\/\/api.w.org\/{rel}","templated":true}]}}