{"id":33753,"date":"2023-03-26T02:04:28","date_gmt":"2023-03-26T06:04:28","guid":{"rendered":"https:\/\/arumbear.com\/ve\/?p=33753"},"modified":"2023-04-04T23:24:55","modified_gmt":"2023-04-05T03:24:55","slug":"anabella-mondi-estrena-version-de-fiesta-en-elorza","status":"publish","type":"post","link":"https:\/\/arumbear.com\/ve\/anabella-mondi-estrena-version-de-fiesta-en-elorza\/","title":{"rendered":"Anabella Mondi estrena version de \u201cFiesta en Elorza\u201d"},"content":{"rendered":"<p>La cantautora venezolana Anabella Mondi, estren\u00f3 la versi\u00f3n de \u201cFiesta en Elorza\u201d, original de Eneas Perdomo, honrando a nuestros ancestros y a esta pieza ic\u00f3nica de nuestro folclore venezolano. El sencillo ya se encuentra disponible en todas las plataformas digitales.<\/p>\n<p>Mondi hace apenas unos d\u00edas, estren\u00f3 el referido tema en vivo, en las Fiestas de Elorza, ya que fue la encargada de abrir el reinado, que convoc\u00f3 a miles de personas. \u201cCreo que la magia de la canci\u00f3n viene de lo que deja a la imaginaci\u00f3n, todo lo que uno puede fantasear sobre lo mucho que marcaron esas fiestas a su autor en esos d\u00edas en Elorza, con una copla muy po\u00e9tica, simple, llana y una melod\u00eda virtuosa y alegre, expres\u00f3 la artista, agregando que esta canci\u00f3n es una de las favoritas de su padre, convirti\u00e9ndose en una especie de canci\u00f3n familiar, as\u00ed como lo fue para millones de venezolanos, un himno llanero para nuestro pa\u00eds.<\/p>\n<p>\u201cFiesta en Elorza\u201d al estilo Mondi, tiene el arpa como instrumento l\u00edder, guitarras el\u00e9ctricas, synths an\u00e1logos y digitales, samples de voces, todo combinado con percusiones electr\u00f3nicas y ac\u00fasticas. Se trata de imprimirle un toque moderno a la canci\u00f3n, logrando contrastes entre lo tradicional y lo nuevo, con la intenci\u00f3n de que las nuevas generaciones conozcan y se identifiquen con el tema.<\/p>\n<p>\u201cFiesta en Elorza\u201d ya tiene video clip. \u201cEstoy convencida de que la m\u00fasica sana, transforma, mueve al mundo y hace de la vida un lugar m\u00e1gico, donde nuestras ideas y sentimientos pasan a ser fuente de inspiraci\u00f3n y un hilo conductor que nos mantiene vivos, Lo que sobra en El Llano es m\u00fasica y talento, as\u00ed lo he comprobado en mis \u00faltimas visitas a la tierra de mi abuela y todas estas caracter\u00edsticas las quise plasmar en el video, manifest\u00f3 Anabella Mondi.<\/p>\n<p>Anabella Mondi regresar\u00e1 a nuestro pa\u00eds en mayo, para lanzar su nuevo \u00e1lbum de 13 temas, que es un tributo a su abuela, fallecida recientemente, en donde la artista expresa su profundo amor por la tierra que la vio nacer.<\/p>\n<p>Si quieres conocer un poco m\u00e1s de la trayectoria art\u00edstica de Anabella Mondi y enterarte de sus lanzamientos musicales para este 2023, con\u00e9ctate a su instagram <a href=\"https:\/\/www.instagram.com\/anabellamondi\" target=\"_blank\" rel=\"noopener\">@anabellamondi<\/a> y a su p\u00e1gina web <a href=\"http:\/\/www.anabellamondi.com\" target=\"_blank\" rel=\"noopener\">www.anabellamondi.com<\/a><\/p>\n<p><iframe loading=\"lazy\" title=\"Fiesta en Elorza \/\/ Anabella MONDI\" width=\"640\" height=\"360\" src=\"https:\/\/www.youtube.com\/embed\/_YX8BKE9Ppw?feature=oembed\" frameborder=\"0\" allow=\"accelerometer; autoplay; clipboard-write; encrypted-media; gyroscope; picture-in-picture; web-share\" referrerpolicy=\"strict-origin-when-cross-origin\" allowfullscreen><\/iframe><\/p>\n<hr>\n<p><em>Prensa: Solmar Torres Rivero \/ <a href=\"https:\/\/www.instagram.com\/solmartorres\" target=\"_blank\" rel=\"noopener\">@solmartorres<\/a><\/em><\/p>\n","protected":false},"excerpt":{"rendered":"<p>La cantautora venezolana Anabella Mondi, estren\u00f3 la versi\u00f3n de \u201cFiesta en Elorza\u201d, original de Eneas Perdomo, honrando a nuestros ancestros y a esta pieza ic\u00f3nica de nuestro folclore venezolano. El sencillo ya se encuentra disponible en todas las plataformas digitales. Mondi hace apenas unos d\u00edas, estren\u00f3 el referido tema en vivo, en las Fiestas de <\/p>\n","protected":false},"author":3,"featured_media":33755,"comment_status":"closed","ping_status":"open","sticky":false,"template":"","format":"standard","meta":{"footnotes":""},"categories":[2,230,232],"tags":[],"class_list":["post-33753","post","type-post","status-publish","format-standard","has-post-thumbnail","hentry","category-featured","category-musica","category-nacional"],"_links":{"self":[{"href":"https:\/\/arumbear.com\/ve\/wp-json\/wp\/v2\/posts\/33753","targetHints":{"allow":["GET"]}}],"collection":[{"href":"https:\/\/arumbear.com\/ve\/wp-json\/wp\/v2\/posts"}],"about":[{"href":"https:\/\/arumbear.com\/ve\/wp-json\/wp\/v2\/types\/post"}],"author":[{"embeddable":true,"href":"https:\/\/arumbear.com\/ve\/wp-json\/wp\/v2\/users\/3"}],"replies":[{"embeddable":true,"href":"https:\/\/arumbear.com\/ve\/wp-json\/wp\/v2\/comments?post=33753"}],"version-history":[{"count":3,"href":"https:\/\/arumbear.com\/ve\/wp-json\/wp\/v2\/posts\/33753\/revisions"}],"predecessor-version":[{"id":33758,"href":"https:\/\/arumbear.com\/ve\/wp-json\/wp\/v2\/posts\/33753\/revisions\/33758"}],"wp:featuredmedia":[{"embeddable":true,"href":"https:\/\/arumbear.com\/ve\/wp-json\/wp\/v2\/media\/33755"}],"wp:attachment":[{"href":"https:\/\/arumbear.com\/ve\/wp-json\/wp\/v2\/media?parent=33753"}],"wp:term":[{"taxonomy":"category","embeddable":true,"href":"https:\/\/arumbear.com\/ve\/wp-json\/wp\/v2\/categories?post=33753"},{"taxonomy":"post_tag","embeddable":true,"href":"https:\/\/arumbear.com\/ve\/wp-json\/wp\/v2\/tags?post=33753"}],"curies":[{"name":"wp","href":"https:\/\/api.w.org\/{rel}","templated":true}]}}