{"id":33899,"date":"2023-04-01T19:53:52","date_gmt":"2023-04-01T23:53:52","guid":{"rendered":"https:\/\/arumbear.com\/ve\/?p=33899"},"modified":"2023-04-10T23:45:29","modified_gmt":"2023-04-11T03:45:29","slug":"danny-ocean-suma-union-historica-con-alejandro-sanz-en-correcaminos","status":"publish","type":"post","link":"https:\/\/arumbear.com\/ve\/danny-ocean-suma-union-historica-con-alejandro-sanz-en-correcaminos\/","title":{"rendered":"Danny Ocean suma uni\u00f3n hist\u00f3rica con Alejandro Sanz en \u201cCorrecaminos\u201d"},"content":{"rendered":"<p>El cantautor venezolano cumple uno de sus sue\u00f1os profesionales al unirse al ic\u00f3nico cantante espa\u00f1ol y un SOLD OUT m\u00e1s para su World Tour, esta vez en el emblem\u00e1tico WiZink Center de Madrid.<\/p>\n<p>Danny Ocean llegar\u00e1 a Madrid el pr\u00f3ximo 20 de abril al emblem\u00e1tico WiZink Center con un nuevo SOLD OUT para su gira Danny Ocean by @DannOcean y una gran colaboraci\u00f3n junto al artista ic\u00f3nico Alejandro Sanz con \u201cCorrecaminos\u201d lanzado el pasado fin de semana en todas las plataformas digitales.<\/p>\n<p>\u201cAlejandro y yo nos conocemos desde hace mucho tiempo, es mi artista favorito mi referente m\u00e1s grande del mundo latino y adem\u00e1s de lo parecidos que somos musicalmente, tener la posibilidad de tenerlo a \u00e9l como un amigo es una bendici\u00f3n\u201d, comenta Danny sobre esta uni\u00f3n que se dio en diciembre en la casa del cantautor espa\u00f1ol donde aterrizaron la idea del tema y lo terminaron de escribir juntos.<\/p>\n<p><img loading=\"lazy\" decoding=\"async\" class=\"alignright size-full wp-image-33902\" src=\"https:\/\/arumbear.com\/ve\/wp-content\/uploads\/2023\/04\/alejandro02web.jpg\" alt=\"\" width=\"350\" height=\"434\" srcset=\"https:\/\/arumbear.com\/ve\/wp-content\/uploads\/2023\/04\/alejandro02web.jpg 350w, https:\/\/arumbear.com\/ve\/wp-content\/uploads\/2023\/04\/alejandro02web-242x300.jpg 242w, https:\/\/arumbear.com\/ve\/wp-content\/uploads\/2023\/04\/alejandro02web-339x420.jpg 339w\" sizes=\"auto, (max-width: 350px) 100vw, 350px\" \/><\/p>\n<p>\u201cCorrecaminos\u201d, es un tema que el cantautor y productor del momento define como una canci\u00f3n escrita hacia el universo porque a pesar de las trabas que coloque en el camino siempre van a estar dispuestos a ir para adelante.<\/p>\n<p>Por su parte, Alejandro Sanz asegur\u00f3 que llevaban tiempo queriendo trabajar juntos, esperando por la canci\u00f3n correcta y el momento justo que sucedi\u00f3 con \u201cCorrecaminos\u201d. \u201cHa sido muy bonito trabajar con \u00e9l, no se da por vencido y siempre cree que puede hacer algo mejor. Ha sido una muy buena experiencia\u201d coment\u00f3 el espa\u00f1ol sobre Danny.<\/p>\n<p>Danny Ocean super\u00f3 los 700 millones de streams en Spotify por su \u00e1lbum @dannocean, convirti\u00e9ndose en el primer artista venezolano en marcar este r\u00e9cord con un \u00e1lbum lanzado en 2022.&nbsp; El pr\u00f3ximo 20 de abril, Danny podr\u00eda convertirse en ganador al Mejor \u00c1lbum Pop por @Dannocean en la octava edici\u00f3n de los Latin American Music Awards.<\/p>\n<p><strong>Sigue los pasos de Danny Ocean:<br \/>\n<\/strong><a href=\"https:\/\/www.instagram.com\/dannocean\/\" target=\"_blank\" rel=\"noopener\">Instagram<\/a> | <a href=\"https:\/\/twitter.com\/dannocean\" target=\"_blank\" rel=\"noopener\">Twitter<\/a> | <a href=\"https:\/\/www.facebook.com\/dannoceanmusic\" target=\"_blank\" rel=\"noopener\">Facebook<\/a> | <a href=\"https:\/\/www.tiktok.com\/@dannocean\" target=\"_blank\" rel=\"noopener\">TikTok<\/a> | <a href=\"https:\/\/triller.co\/@dannocean\" target=\"_blank\" rel=\"noopener\">Triller<\/a><\/p>\n<p><iframe loading=\"lazy\" title=\"Alejandro Sanz, Danny Ocean - Correcaminos\" width=\"640\" height=\"360\" src=\"https:\/\/www.youtube.com\/embed\/oAwKuYcAg-A?feature=oembed\" frameborder=\"0\" allow=\"accelerometer; autoplay; clipboard-write; encrypted-media; gyroscope; picture-in-picture; web-share\" referrerpolicy=\"strict-origin-when-cross-origin\" allowfullscreen><\/iframe><\/p>\n<hr>\n<p><i><em>Prensa: Daniela Cestari<br \/>\nDC Comunicaciones \/ <a href=\"https:\/\/www.instagram.com\/dc.comunicaciones\" target=\"_blank\" rel=\"noopener\">@dc.comunicaciones<\/a>&nbsp;<\/em><\/i><\/p>\n","protected":false},"excerpt":{"rendered":"<p>El cantautor venezolano cumple uno de sus sue\u00f1os profesionales al unirse al ic\u00f3nico cantante espa\u00f1ol y un SOLD OUT m\u00e1s para su World Tour, esta vez en el emblem\u00e1tico WiZink Center de Madrid. Danny Ocean llegar\u00e1 a Madrid el pr\u00f3ximo 20 de abril al emblem\u00e1tico WiZink Center con un nuevo SOLD OUT para su gira <\/p>\n","protected":false},"author":3,"featured_media":33901,"comment_status":"closed","ping_status":"open","sticky":false,"template":"","format":"standard","meta":{"footnotes":""},"categories":[2,231,230],"tags":[],"class_list":["post-33899","post","type-post","status-publish","format-standard","has-post-thumbnail","hentry","category-featured","category-internacional","category-musica"],"_links":{"self":[{"href":"https:\/\/arumbear.com\/ve\/wp-json\/wp\/v2\/posts\/33899","targetHints":{"allow":["GET"]}}],"collection":[{"href":"https:\/\/arumbear.com\/ve\/wp-json\/wp\/v2\/posts"}],"about":[{"href":"https:\/\/arumbear.com\/ve\/wp-json\/wp\/v2\/types\/post"}],"author":[{"embeddable":true,"href":"https:\/\/arumbear.com\/ve\/wp-json\/wp\/v2\/users\/3"}],"replies":[{"embeddable":true,"href":"https:\/\/arumbear.com\/ve\/wp-json\/wp\/v2\/comments?post=33899"}],"version-history":[{"count":2,"href":"https:\/\/arumbear.com\/ve\/wp-json\/wp\/v2\/posts\/33899\/revisions"}],"predecessor-version":[{"id":33903,"href":"https:\/\/arumbear.com\/ve\/wp-json\/wp\/v2\/posts\/33899\/revisions\/33903"}],"wp:featuredmedia":[{"embeddable":true,"href":"https:\/\/arumbear.com\/ve\/wp-json\/wp\/v2\/media\/33901"}],"wp:attachment":[{"href":"https:\/\/arumbear.com\/ve\/wp-json\/wp\/v2\/media?parent=33899"}],"wp:term":[{"taxonomy":"category","embeddable":true,"href":"https:\/\/arumbear.com\/ve\/wp-json\/wp\/v2\/categories?post=33899"},{"taxonomy":"post_tag","embeddable":true,"href":"https:\/\/arumbear.com\/ve\/wp-json\/wp\/v2\/tags?post=33899"}],"curies":[{"name":"wp","href":"https:\/\/api.w.org\/{rel}","templated":true}]}}