{"id":34005,"date":"2023-04-04T14:27:53","date_gmt":"2023-04-04T18:27:53","guid":{"rendered":"https:\/\/arumbear.com\/ve\/?p=34005"},"modified":"2023-04-14T00:00:10","modified_gmt":"2023-04-14T04:00:10","slug":"one-voice-rinde-tributo-a-frank-quintero","status":"publish","type":"post","link":"https:\/\/arumbear.com\/ve\/one-voice-rinde-tributo-a-frank-quintero\/","title":{"rendered":"One Voice rinde tributo a Frank Quintero"},"content":{"rendered":"<p>Adri\u00e1n Toledo y Gioset M\u00e9ndez fueron los encargados de dirigir la producci\u00f3n audiovisual y musical. Ya disponible en el canal de youtube de la banda venezolana.<\/p>\n<p>08 de Enero de 2023, en una tarde crepuscular, Roberto Perozo vocalista de One Voice, realiz\u00f3 la grabaci\u00f3n de lo que fue el nuevo promocional de la agrupaci\u00f3n, tributo al maestro Frank Quintero.<\/p>\n<p>Bajo el apoyo de p\u00e1rroco julio Andrade, la plazoleta de la ic\u00f3nica iglesia Santa B\u00e1rbara, -ubicada en el casco central de Maracaibo- fue el escenario escogido para el rodaje, el p\u00fablico invitado disfrut\u00f3 de una tarde de buena m\u00fasica acompa\u00f1ado por los \u00e9xitos de Quintero, entre los que se destacan, Qu\u00edmica, Amantes de luna llena, canci\u00f3n para ti, entre otros.<\/p>\n<p>El cantante expres\u00f3 que, -la iniciativa vino por parte de los productores audiovisuales y musicales, me dijeron vamos a grabar, arm\u00e9 mi equipo de producci\u00f3n y as\u00ed logr\u00e9 mi sue\u00f1o. A su vez, es un homenaje muy especial a un ser muy querido por el p\u00fablico, Alvaro Vargas quien fue miembro de la agrupaci\u00f3n y fundador de One Voice quien falleci\u00f3 el a\u00f1o pasado a causa de covid 19.<\/p>\n<p><img loading=\"lazy\" decoding=\"async\" class=\"size-full wp-image-34008 aligncenter\" src=\"https:\/\/arumbear.com\/ve\/wp-content\/uploads\/2023\/04\/one02web.jpg\" alt=\"\" width=\"700\" height=\"394\" srcset=\"https:\/\/arumbear.com\/ve\/wp-content\/uploads\/2023\/04\/one02web.jpg 700w, https:\/\/arumbear.com\/ve\/wp-content\/uploads\/2023\/04\/one02web-300x169.jpg 300w, https:\/\/arumbear.com\/ve\/wp-content\/uploads\/2023\/04\/one02web-696x392.jpg 696w\" sizes=\"auto, (max-width: 700px) 100vw, 700px\" \/><\/p>\n<p>Perozo acot\u00f3 que Frank Quintero est\u00e1 al tanto del tributo, que fue grabado en la ciudad marabina, -El maestro est\u00e1 cumpliendo unos compromisos en el pa\u00eds, pero est\u00e1 radicado en Madrid \u2013Espa\u00f1a, hablamos hace escasas horas con su familia y est\u00e1n agradecidos por la iniciativa y horados que se le ofrezca el merecido homenaje a Frank Quintero.<\/p>\n<p>La Producci\u00f3n general estuvo a cargo de la producci\u00f3n de One Voice, con la colaboraci\u00f3n de los productores audiovisuales y musicales, y el apoyo de Joana P\u00e9rez, Nelson Valbuena, Crithsabel Parra, Drone Le\u00f3n, Sound Set, Kimpla R\u00e9cord, team Kao, IYE, Multi inversiones Liberti, Angel\u2019s Spa, Mary Vargas, melaosonfactory, alcald\u00eda de Maracaibo. Jefe de prensa internacional Alfredo Rojas.<\/p>\n<p><strong>M\u00e1s informaci\u00f3n:<\/strong> <a href=\"https:\/\/www.instagram.com\/onevoiceoficial\" target=\"_blank\" rel=\"noopener\">@onevoiceoficial<\/a> | <a href=\"https:\/\/www.instagram.com\/soyrobertoc\" target=\"_blank\" rel=\"noopener\">@soyrobertoc<\/a><\/p>\n<hr>\n<p><em>Por: Rony Alejandro De Pool<\/em><br \/>\n<em>Jefe de Medios: Alfredo Rojas \/ <a href=\"https:\/\/www.instagram.com\/alfredorojas_promotor\" target=\"_blank\" rel=\"noreferrer noopener\" data-type=\"URL\" data-id=\"https:\/\/www.instagram.com\/alfredorojas_promotor\">@alfredorojas_promotor<\/a> <a href=\"https:\/\/www.instagram.com\/arproducciones.ve\" target=\"_blank\" rel=\"noreferrer noopener\" data-type=\"URL\" data-id=\"https:\/\/www.instagram.com\/arproducciones.ve\">@arproducciones.ve<\/a><\/em><\/p>\n","protected":false},"excerpt":{"rendered":"<p>Adri\u00e1n Toledo y Gioset M\u00e9ndez fueron los encargados de dirigir la producci\u00f3n audiovisual y musical. Ya disponible en el canal de youtube de la banda venezolana. 08 de Enero de 2023, en una tarde crepuscular, Roberto Perozo vocalista de One Voice, realiz\u00f3 la grabaci\u00f3n de lo que fue el nuevo promocional de la agrupaci\u00f3n, tributo <\/p>\n","protected":false},"author":3,"featured_media":34007,"comment_status":"closed","ping_status":"open","sticky":false,"template":"","format":"standard","meta":{"footnotes":""},"categories":[2,230,232],"tags":[],"class_list":["post-34005","post","type-post","status-publish","format-standard","has-post-thumbnail","hentry","category-featured","category-musica","category-nacional"],"_links":{"self":[{"href":"https:\/\/arumbear.com\/ve\/wp-json\/wp\/v2\/posts\/34005","targetHints":{"allow":["GET"]}}],"collection":[{"href":"https:\/\/arumbear.com\/ve\/wp-json\/wp\/v2\/posts"}],"about":[{"href":"https:\/\/arumbear.com\/ve\/wp-json\/wp\/v2\/types\/post"}],"author":[{"embeddable":true,"href":"https:\/\/arumbear.com\/ve\/wp-json\/wp\/v2\/users\/3"}],"replies":[{"embeddable":true,"href":"https:\/\/arumbear.com\/ve\/wp-json\/wp\/v2\/comments?post=34005"}],"version-history":[{"count":2,"href":"https:\/\/arumbear.com\/ve\/wp-json\/wp\/v2\/posts\/34005\/revisions"}],"predecessor-version":[{"id":34009,"href":"https:\/\/arumbear.com\/ve\/wp-json\/wp\/v2\/posts\/34005\/revisions\/34009"}],"wp:featuredmedia":[{"embeddable":true,"href":"https:\/\/arumbear.com\/ve\/wp-json\/wp\/v2\/media\/34007"}],"wp:attachment":[{"href":"https:\/\/arumbear.com\/ve\/wp-json\/wp\/v2\/media?parent=34005"}],"wp:term":[{"taxonomy":"category","embeddable":true,"href":"https:\/\/arumbear.com\/ve\/wp-json\/wp\/v2\/categories?post=34005"},{"taxonomy":"post_tag","embeddable":true,"href":"https:\/\/arumbear.com\/ve\/wp-json\/wp\/v2\/tags?post=34005"}],"curies":[{"name":"wp","href":"https:\/\/api.w.org\/{rel}","templated":true}]}}