{"id":34508,"date":"2023-04-24T17:41:00","date_gmt":"2023-04-24T21:41:00","guid":{"rendered":"https:\/\/arumbear.com\/ve\/?p=34508"},"modified":"2023-05-03T01:15:20","modified_gmt":"2023-05-03T05:15:20","slug":"el-mundo-se-pone-en-reversa-por-el-junte-de-karliam-x-victorgabo","status":"publish","type":"post","link":"https:\/\/arumbear.com\/ve\/el-mundo-se-pone-en-reversa-por-el-junte-de-karliam-x-victorgabo\/","title":{"rendered":"El mundo se pone en reversa por el junte de KARLIAM y VICTOR&#038;GABO"},"content":{"rendered":"<p>Por varios a\u00f1os estos tres j\u00f3venes talentos han mantenido una excelente amistad, de all\u00ed que buena parte de la fanaticada de cada uno se preguntara desde hace tiempo \u201c\u00bfPara cu\u00e1ndo la colaboraci\u00f3n musical?\u201d, lo que se hab\u00eda convertido en un compromiso y un proyecto pendiente, hasta hoy, cuando a ritmo de la cumbia unen sus voces de manera fant\u00e1stica.<\/p>\n<p>Es evidente como la carrera musical de la cantante y compositora venezolana, KARLIAM ha ido incrementando su alcance, convirti\u00e9ndose en una importante figura de la m\u00fasica urbano\/pop en su pa\u00eds al tiempo que comienza a sumar seguidores en diversos pa\u00edses de habla hispana. Un \u00e9xito que ha ido alcanzando gracias a su talento y constancia, as\u00ed como su capacidad de sorprender al p\u00fablico con su m\u00fasica.<\/p>\n<p><img loading=\"lazy\" decoding=\"async\" class=\"alignright size-full wp-image-34511\" src=\"https:\/\/arumbear.com\/ve\/wp-content\/uploads\/2023\/04\/karliam03web.jpg\" alt=\"\" width=\"350\" height=\"350\" srcset=\"https:\/\/arumbear.com\/ve\/wp-content\/uploads\/2023\/04\/karliam03web.jpg 350w, https:\/\/arumbear.com\/ve\/wp-content\/uploads\/2023\/04\/karliam03web-300x300.jpg 300w, https:\/\/arumbear.com\/ve\/wp-content\/uploads\/2023\/04\/karliam03web-150x150.jpg 150w\" sizes=\"auto, (max-width: 350px) 100vw, 350px\" \/><\/p>\n<p>Ejemple de ello fue el sencillo REVERSA, con el que impact\u00f3 por la fusi\u00f3n de ritmos que realiz\u00f3, incluyendo la cumbia, obteniendo como resultado un tema pegajoso y sabroso de escuchar y bailar.<\/p>\n<p>Esta amalgama de sonidos atrajo la atenci\u00f3n del d\u00fao venezolano V\u00cdCTOR&amp;GABO, con quienes Karliam mantiene una estrecha relaci\u00f3n de amistad desde hace varios a\u00f1os, y con quienes hace tiempo la fanaticada ped\u00eda una colaboraci\u00f3n. Para principios de 2023 se dio la oportunidad perfecta para meterse en el estudio y realizar el remix de este sencillo, en lo que se ha convertido en una experiencia fabulosa, reflejada en el resultado final de esta colaboraci\u00f3n musical.<\/p>\n<p>\u201cReversa Remix\u201d habla de lo que siente una persona al conocer o tener a alguien en su vida que le vuelve loco de la emoci\u00f3n, poni\u00e9ndole la cabeza de reversa. tema que se caracteriza por una interesante mezcla de ritmos donde la cumbia se hace presente, obteniendo como resultado un tema pegajoso y sabroso de escuchar y bailar.<\/p>\n<p>\u201cReversa Remix\u201d fue compuesto por Kristhian Barrios, Marco Guerra P\u00e1ez, Victor portillo y Carlos Espinoza, producido por Carlos Paz (A.k.a Charlie Peace) y Arturo Paz, masterizado por Talio S\u00e1nchez.<\/p>\n<p><img loading=\"lazy\" decoding=\"async\" class=\"size-full wp-image-34510 aligncenter\" src=\"https:\/\/arumbear.com\/ve\/wp-content\/uploads\/2023\/04\/karliam02web.jpg\" alt=\"\" width=\"700\" height=\"400\" srcset=\"https:\/\/arumbear.com\/ve\/wp-content\/uploads\/2023\/04\/karliam02web.jpg 700w, https:\/\/arumbear.com\/ve\/wp-content\/uploads\/2023\/04\/karliam02web-300x171.jpg 300w, https:\/\/arumbear.com\/ve\/wp-content\/uploads\/2023\/04\/karliam02web-696x398.jpg 696w\" sizes=\"auto, (max-width: 700px) 100vw, 700px\" \/><\/p>\n<p>Este remix tambi\u00e9n viene acompa\u00f1ado de un videoclip, bastante minimalista y de gran impacto. El mismo fue realizado por Alfredo Salazar, en el que Karliam se muestra sensual y muy c\u00f3moda junto a V\u00edctor&amp;Gabo haciendo lo que mejor hacen: encantar a su p\u00fablico con todo su talento y carisma.<\/p>\n<p><strong>REDES SOCIALES<\/strong><br \/>\nInstagram:&nbsp;<a href=\"https:\/\/www.instagram.com\/esKarliam\" target=\"_blank\" rel=\"noopener\">@esKarliam<\/a> \/\/&nbsp;Twitter:&nbsp;<a href=\"https:\/\/www.twitter.com\/EsKarliam\" target=\"_blank\" rel=\"noopener\">@EsKarliam<\/a><br \/>\nFacebook:&nbsp;karliamVzla \/\/&nbsp;Youtube:&nbsp;<a href=\"https:\/\/www.youtube.com\/@eskarliam\" target=\"_blank\" rel=\"noopener\">Karliam<\/a><br \/>\nPlataformas digitales: Spotify \u2013 Aple Music \u2013 Deezer \u2013 Amazon Music<\/p>\n<p><iframe loading=\"lazy\" title=\"Karliam x Victor y Gabo - Reversa Remix (Vi\u0301deo oficial)\" width=\"640\" height=\"360\" src=\"https:\/\/www.youtube.com\/embed\/e6gPNLJl3nw?feature=oembed\" frameborder=\"0\" allow=\"accelerometer; autoplay; clipboard-write; encrypted-media; gyroscope; picture-in-picture; web-share\" referrerpolicy=\"strict-origin-when-cross-origin\" allowfullscreen><\/iframe><\/p>\n<hr>\n<p><em>Prensa: Jenniffer Miranda \/ <a href=\"https:\/\/www.instagram.com\/lamirandapress\" target=\"_blank\" rel=\"noopener\">@lamirandapress<\/a>&nbsp;<\/em><\/p>\n","protected":false},"excerpt":{"rendered":"<p>Por varios a\u00f1os estos tres j\u00f3venes talentos han mantenido una excelente amistad, de all\u00ed que buena parte de la fanaticada de cada uno se preguntara desde hace tiempo \u201c\u00bfPara cu\u00e1ndo la colaboraci\u00f3n musical?\u201d, lo que se hab\u00eda convertido en un compromiso y un proyecto pendiente, hasta hoy, cuando a ritmo de la cumbia unen sus <\/p>\n","protected":false},"author":3,"featured_media":34509,"comment_status":"closed","ping_status":"open","sticky":false,"template":"","format":"standard","meta":{"footnotes":""},"categories":[2,231,230],"tags":[],"class_list":["post-34508","post","type-post","status-publish","format-standard","has-post-thumbnail","hentry","category-featured","category-internacional","category-musica"],"_links":{"self":[{"href":"https:\/\/arumbear.com\/ve\/wp-json\/wp\/v2\/posts\/34508","targetHints":{"allow":["GET"]}}],"collection":[{"href":"https:\/\/arumbear.com\/ve\/wp-json\/wp\/v2\/posts"}],"about":[{"href":"https:\/\/arumbear.com\/ve\/wp-json\/wp\/v2\/types\/post"}],"author":[{"embeddable":true,"href":"https:\/\/arumbear.com\/ve\/wp-json\/wp\/v2\/users\/3"}],"replies":[{"embeddable":true,"href":"https:\/\/arumbear.com\/ve\/wp-json\/wp\/v2\/comments?post=34508"}],"version-history":[{"count":4,"href":"https:\/\/arumbear.com\/ve\/wp-json\/wp\/v2\/posts\/34508\/revisions"}],"predecessor-version":[{"id":34515,"href":"https:\/\/arumbear.com\/ve\/wp-json\/wp\/v2\/posts\/34508\/revisions\/34515"}],"wp:featuredmedia":[{"embeddable":true,"href":"https:\/\/arumbear.com\/ve\/wp-json\/wp\/v2\/media\/34509"}],"wp:attachment":[{"href":"https:\/\/arumbear.com\/ve\/wp-json\/wp\/v2\/media?parent=34508"}],"wp:term":[{"taxonomy":"category","embeddable":true,"href":"https:\/\/arumbear.com\/ve\/wp-json\/wp\/v2\/categories?post=34508"},{"taxonomy":"post_tag","embeddable":true,"href":"https:\/\/arumbear.com\/ve\/wp-json\/wp\/v2\/tags?post=34508"}],"curies":[{"name":"wp","href":"https:\/\/api.w.org\/{rel}","templated":true}]}}