{"id":34555,"date":"2023-04-29T15:55:33","date_gmt":"2023-04-29T19:55:33","guid":{"rendered":"https:\/\/arumbear.com\/ve\/?p=34555"},"modified":"2023-05-03T23:13:37","modified_gmt":"2023-05-04T03:13:37","slug":"la-artista-fabiana-veliz-estrena-su-nuevo-single-vente","status":"publish","type":"post","link":"https:\/\/arumbear.com\/ve\/la-artista-fabiana-veliz-estrena-su-nuevo-single-vente\/","title":{"rendered":"La artista \u201cFabiana veliz\u201d estrena su nuevo single \u201cVente\u201d"},"content":{"rendered":"<p>El tema refleja el sentimiento de amor e igualdad ante todas las culturas mundialmente, ese fue el enfoque principal de estos artistas quien la escribe es mayck Betancourt.<\/p>\n<p>La artista m\u00fasica pop \u00abFabiana veliz\u00bb da a conocer su segundo lanzamiento musical titulado vente es un concepto diferente para su carrera porque de esta manera incursiona en el mundo secular urbano ya que su primer tema promocional es religioso \u201cSamuel Elemental\u201d, que desde hace varios a\u00f1os se encuentra produciendo material musical en toda Colombia, recorriendo inicialmente los departamentos de Monter\u00eda y Medell\u00edn, donde en este \u00faltimo actualmente hace vida personal y musical, bajo la producci\u00f3n de @jarubeatmusic y con letra y m\u00fasica de mayck Betancourt espera que el tema se posicione en los 1eros puestos, pero tambi\u00e9n en la mente y los corazones, de todas las personas que lo disfrutan.<\/p>\n<p>\u201cVente\u201d, fue compuesto durante la cuarentena, pero no hab\u00eda sido mostrado hasta ahora y que adem\u00e1s cuenta con un videoclip oficial que se estren\u00f3 el 23 de abril por el canal de <a href=\"https:\/\/www.youtube.com\/@fabianavelizmusic\" target=\"_blank\" rel=\"noopener\">@fabianavelizmusic<\/a>, pero ya est\u00e1 disponible en todas las plataformas Digitales.<\/p>\n<p>Mayck nos cuenta \u201cEste tema lo escrib\u00ed con el coraz\u00f3n desde la inspiraci\u00f3n de la vida, donde no importa su apariencia f\u00edsica porque lo que verdaderamente importa es el hecho de que ya por existir somos perfectos, ese don de dar vida y llenarnos todos los d\u00edas es maravilloso.\u201d, confes\u00f3.<\/p>\n<p>Invit\u00f3 a todos sus fan\u00e1ticos a escuchar su nuevo tema, dedicado a todas esas personas, que luchan d\u00eda a d\u00eda, y que creen que con constancia y perseverancia se llega al \u00e9xito.<\/p>\n<p>Nos pueden conseguir como <a href=\"https:\/\/www.instagram.com\/fabianavelizmusic\" target=\"_blank\" rel=\"noopener\">@fabianavelizmusic<\/a> y <a href=\"https:\/\/www.instagram.com\/samuelelemental\" target=\"_blank\" rel=\"noopener\">@samuelelemental<\/a> en todas las redes sociales.<\/p>\n<p><iframe loading=\"lazy\" title=\"Fabiana Veliz , Samuel Elemental - Vente (Video Oficial)\" width=\"640\" height=\"360\" src=\"https:\/\/www.youtube.com\/embed\/bWHv5_iBrU0?feature=oembed\" frameborder=\"0\" allow=\"accelerometer; autoplay; clipboard-write; encrypted-media; gyroscope; picture-in-picture; web-share\" referrerpolicy=\"strict-origin-when-cross-origin\" allowfullscreen><\/iframe><\/p>\n<hr>\n<p><em>Promotor: Alfredo Rojas \/ <a href=\"https:\/\/www.instagram.com\/alfredorojas_promotor\" target=\"_blank\" rel=\"noreferrer noopener\" data-type=\"URL\" data-id=\"https:\/\/www.instagram.com\/alfredorojas_promotor\">@alfredorojas_promotor<\/a> <a href=\"https:\/\/www.instagram.com\/arproducciones.ve\" target=\"_blank\" rel=\"noreferrer noopener\" data-type=\"URL\" data-id=\"https:\/\/www.instagram.com\/arproducciones.ve\">@arproducciones.ve<\/a>&nbsp;<\/em><\/p>\n","protected":false},"excerpt":{"rendered":"<p>El tema refleja el sentimiento de amor e igualdad ante todas las culturas mundialmente, ese fue el enfoque principal de estos artistas quien la escribe es mayck Betancourt. La artista m\u00fasica pop \u00abFabiana veliz\u00bb da a conocer su segundo lanzamiento musical titulado vente es un concepto diferente para su carrera porque de esta manera incursiona <\/p>\n","protected":false},"author":3,"featured_media":34557,"comment_status":"closed","ping_status":"open","sticky":false,"template":"","format":"standard","meta":{"footnotes":""},"categories":[2,231,230],"tags":[],"class_list":["post-34555","post","type-post","status-publish","format-standard","has-post-thumbnail","hentry","category-featured","category-internacional","category-musica"],"_links":{"self":[{"href":"https:\/\/arumbear.com\/ve\/wp-json\/wp\/v2\/posts\/34555","targetHints":{"allow":["GET"]}}],"collection":[{"href":"https:\/\/arumbear.com\/ve\/wp-json\/wp\/v2\/posts"}],"about":[{"href":"https:\/\/arumbear.com\/ve\/wp-json\/wp\/v2\/types\/post"}],"author":[{"embeddable":true,"href":"https:\/\/arumbear.com\/ve\/wp-json\/wp\/v2\/users\/3"}],"replies":[{"embeddable":true,"href":"https:\/\/arumbear.com\/ve\/wp-json\/wp\/v2\/comments?post=34555"}],"version-history":[{"count":3,"href":"https:\/\/arumbear.com\/ve\/wp-json\/wp\/v2\/posts\/34555\/revisions"}],"predecessor-version":[{"id":34559,"href":"https:\/\/arumbear.com\/ve\/wp-json\/wp\/v2\/posts\/34555\/revisions\/34559"}],"wp:featuredmedia":[{"embeddable":true,"href":"https:\/\/arumbear.com\/ve\/wp-json\/wp\/v2\/media\/34557"}],"wp:attachment":[{"href":"https:\/\/arumbear.com\/ve\/wp-json\/wp\/v2\/media?parent=34555"}],"wp:term":[{"taxonomy":"category","embeddable":true,"href":"https:\/\/arumbear.com\/ve\/wp-json\/wp\/v2\/categories?post=34555"},{"taxonomy":"post_tag","embeddable":true,"href":"https:\/\/arumbear.com\/ve\/wp-json\/wp\/v2\/tags?post=34555"}],"curies":[{"name":"wp","href":"https:\/\/api.w.org\/{rel}","templated":true}]}}