{"id":34789,"date":"2023-05-15T21:02:20","date_gmt":"2023-05-16T01:02:20","guid":{"rendered":"https:\/\/arumbear.com\/ve\/?p=34789"},"modified":"2023-05-20T00:23:32","modified_gmt":"2023-05-20T04:23:32","slug":"jesus-de-alva-las-melodias-de-melendi-me-motivaron-a-entregar-el-anillo","status":"publish","type":"post","link":"https:\/\/arumbear.com\/ve\/jesus-de-alva-las-melodias-de-melendi-me-motivaron-a-entregar-el-anillo\/","title":{"rendered":"Jes\u00fas de Alva: \u201clas melod\u00edas de Melendi me motivaron a entregar el anillo\u201d"},"content":{"rendered":"<p>Despu\u00e9s de cinco a\u00f1os de relaci\u00f3n, Jes\u00fas de Alva aprovech\u00f3 el regreso de Melendi a Venezuela para entregarle la roca a su pareja, la blogger Alejandra D\u00e1vila, y proponerle matrimonio en pleno concierto del artista espa\u00f1ol.<\/p>\n<p>\u201cSomos fan\u00e1ticos de tu m\u00fasica, en cada viaje siempre nos acompa\u00f1a tus melod\u00edas y composiciones, no pod\u00eda ser de otra forma, <a href=\"https:\/\/www.instagram.com\/_melendioficial_\" target=\"_blank\" rel=\"noopener\">@_melendioficial_<\/a> nos ha acompa\u00f1ado en toda nuestra relaci\u00f3n, en los peores y mejores momentos y \u00bfpor qu\u00e9 no? Por qu\u00e9 no en un acto simb\u00f3lico tan especial como este\u201d. Resalt\u00f3 el animador, hacia la madre de sus dos hijas.<\/p>\n<p>Su prometida de una manera sorprendida enfatiz\u00f3: \u201cYo tengo casi cinco a\u00f1os con Jes\u00fas y para m\u00ed la idea de casarnos, de la pedida de mano\u2026 no exist\u00eda, nunca me lo llegu\u00e9 siquiera a imaginar porque no estaba en nuestros planes, y hoy cuando pas\u00f3, as\u00ed como pas\u00f3, de verdad fue perfecto\u201d.<\/p>\n<p><img loading=\"lazy\" decoding=\"async\" class=\"size-full wp-image-34792 aligncenter\" src=\"https:\/\/arumbear.com\/ve\/wp-content\/uploads\/2023\/05\/dealva02web.jpg\" alt=\"\" width=\"700\" height=\"402\" srcset=\"https:\/\/arumbear.com\/ve\/wp-content\/uploads\/2023\/05\/dealva02web.jpg 700w, https:\/\/arumbear.com\/ve\/wp-content\/uploads\/2023\/05\/dealva02web-300x172.jpg 300w, https:\/\/arumbear.com\/ve\/wp-content\/uploads\/2023\/05\/dealva02web-696x400.jpg 696w\" sizes=\"auto, (max-width: 700px) 100vw, 700px\" \/><\/p>\n<p>Jes\u00fas de Alva es un empresario venezolano que apuesta a la integraci\u00f3n de la familia, a trav\u00e9s de su marca \u201cEfecto de Alva\u201d <a href=\"https:\/\/www.instagram.com\/efectodealva\" target=\"_blank\" rel=\"noopener\">@efectodealva<\/a> ha generado una seguridad en todos los aspectos de su vida, \u201cel avance que me falta es jurar ante dios y la ley el amor hacia la \u00fanica mujer que he amado\u201d.<\/p>\n<p>Como se recordar\u00e1, el presentador del programa de Televen \u201cVitrina\u201d y Alejandra D\u00e1vila comparten dos hijas: Diana Isabelle, nacida en 2020, y Amma Julieta, a quien le dieron la bienvenida en 2022.<\/p>\n<p><strong>Un poco m\u00e1s de Jes\u00fas de Alva:<br \/>\n<\/strong>El 30 de agosto de 2018 es nombrado por la organizaci\u00f3n The Super Model Venezuela como el primer Mister Grand Venezuela, ese mismo a\u00f1o. Jes\u00fas era estudiante de 5to semestre en la Universidad Rafael Belloso Chac\u00edn donde estudiaba Comunicaci\u00f3n Social. Decidi\u00f3 participar en la competencia Mister Venezuela 2014. donde emergi\u00f3 como semifinalista. [2] Despu\u00e9s de la competencia, fue elegido como presentador del popular programa de revista Portada&#8217;s que se transmite por Venevisi\u00f3n.<\/p>\n<p>En 2016, lanz\u00f3 una l\u00ednea de ropa para hombres dise\u00f1ada por Oswaldo Escalante, actualmente se desempe\u00f1a como animador de la planta televisiva Televen, en el programa Vitrina.<\/p>\n<p><img loading=\"lazy\" decoding=\"async\" class=\"size-full wp-image-34793 aligncenter\" src=\"https:\/\/arumbear.com\/ve\/wp-content\/uploads\/2023\/05\/dealva03web.jpg\" alt=\"\" width=\"700\" height=\"401\" srcset=\"https:\/\/arumbear.com\/ve\/wp-content\/uploads\/2023\/05\/dealva03web.jpg 700w, https:\/\/arumbear.com\/ve\/wp-content\/uploads\/2023\/05\/dealva03web-300x172.jpg 300w, https:\/\/arumbear.com\/ve\/wp-content\/uploads\/2023\/05\/dealva03web-696x399.jpg 696w\" sizes=\"auto, (max-width: 700px) 100vw, 700px\" \/><\/p>\n<p><strong>Vida de empresario:<br \/>\n<\/strong>Su marca, Efecto de Alva es una colecci\u00f3n de trajes de etiqueta para caballeros, hechos a la medida y cortes muy masculinos. Son elaborados con telas italianas, inglesas y colombianas, trajes de etiqueta con toques innovadores, con forros llamativos, chalecos de tres y cuatro botones, los cuales podr\u00edan ser de oro laminado o acero, distintos detalles para lucir elegante y c\u00f3modo a la hora de vestir.<\/p>\n<p>Se espera que la boda se realice en los pr\u00f3ximos meses del a\u00f1o, del cual espera que sea a todo dar para gritar al mundo lo enamorado que est\u00e1 de su familia.<\/p>\n<hr>\n<p><em>Prensa: Alejandro C\u00f3rdova \/ <a href=\"https:\/\/www.instagram.com\/flacodelafarandula\" target=\"_blank\" rel=\"noopener\">@flacodelafarandula<\/a><\/em><\/p>\n","protected":false},"excerpt":{"rendered":"<p>Despu\u00e9s de cinco a\u00f1os de relaci\u00f3n, Jes\u00fas de Alva aprovech\u00f3 el regreso de Melendi a Venezuela para entregarle la roca a su pareja, la blogger Alejandra D\u00e1vila, y proponerle matrimonio en pleno concierto del artista espa\u00f1ol. \u201cSomos fan\u00e1ticos de tu m\u00fasica, en cada viaje siempre nos acompa\u00f1a tus melod\u00edas y composiciones, no pod\u00eda ser de <\/p>\n","protected":false},"author":3,"featured_media":34791,"comment_status":"closed","ping_status":"open","sticky":false,"template":"","format":"standard","meta":{"footnotes":""},"categories":[319,2,321],"tags":[],"class_list":["post-34789","post","type-post","status-publish","format-standard","has-post-thumbnail","hentry","category-farandula","category-featured","category-nacional-farandula"],"_links":{"self":[{"href":"https:\/\/arumbear.com\/ve\/wp-json\/wp\/v2\/posts\/34789","targetHints":{"allow":["GET"]}}],"collection":[{"href":"https:\/\/arumbear.com\/ve\/wp-json\/wp\/v2\/posts"}],"about":[{"href":"https:\/\/arumbear.com\/ve\/wp-json\/wp\/v2\/types\/post"}],"author":[{"embeddable":true,"href":"https:\/\/arumbear.com\/ve\/wp-json\/wp\/v2\/users\/3"}],"replies":[{"embeddable":true,"href":"https:\/\/arumbear.com\/ve\/wp-json\/wp\/v2\/comments?post=34789"}],"version-history":[{"count":2,"href":"https:\/\/arumbear.com\/ve\/wp-json\/wp\/v2\/posts\/34789\/revisions"}],"predecessor-version":[{"id":34794,"href":"https:\/\/arumbear.com\/ve\/wp-json\/wp\/v2\/posts\/34789\/revisions\/34794"}],"wp:featuredmedia":[{"embeddable":true,"href":"https:\/\/arumbear.com\/ve\/wp-json\/wp\/v2\/media\/34791"}],"wp:attachment":[{"href":"https:\/\/arumbear.com\/ve\/wp-json\/wp\/v2\/media?parent=34789"}],"wp:term":[{"taxonomy":"category","embeddable":true,"href":"https:\/\/arumbear.com\/ve\/wp-json\/wp\/v2\/categories?post=34789"},{"taxonomy":"post_tag","embeddable":true,"href":"https:\/\/arumbear.com\/ve\/wp-json\/wp\/v2\/tags?post=34789"}],"curies":[{"name":"wp","href":"https:\/\/api.w.org\/{rel}","templated":true}]}}