{"id":34806,"date":"2023-05-15T21:49:18","date_gmt":"2023-05-16T01:49:18","guid":{"rendered":"https:\/\/arumbear.com\/ve\/?p=34806"},"modified":"2023-05-21T22:59:39","modified_gmt":"2023-05-22T02:59:39","slug":"victor-munoz-cautivo-al-poliedro-de-caracas","status":"publish","type":"post","link":"https:\/\/arumbear.com\/ve\/victor-munoz-cautivo-al-poliedro-de-caracas\/","title":{"rendered":"Victor Mu\u00f1oz cautiv\u00f3 al Poliedro de Caracas"},"content":{"rendered":"<p>El reconocido cantautor le regal\u00f3 a los miles de corazones presentes un paseo m\u00e1gico por algunos de sus ic\u00f3nicos temas, por \u00fanica vez en un formato con ritmos espa\u00f1oles, donde la guitarra y el flamenco eran el sello.<\/p>\n<p>Uno de los artistas m\u00e1s importantes y consagrados de Venezuela, V\u00edctor Mu\u00f1oz fue el invitado especial al show de Melendi que se llev\u00f3 a cabo el pasado s\u00e1bado bajo la c\u00fapula del Poliedro. Con la producci\u00f3n del Maestro Yazmil Marrufo, el reconocido productor musical Manuel Lara y su director musical Isaac Cariasco, Mu\u00f1oz ofreci\u00f3 un show \u00fanico e irrepetible, tal como lo hab\u00eda prometido.<\/p>\n<p><img loading=\"lazy\" decoding=\"async\" class=\"size-full wp-image-34808 alignleft\" src=\"https:\/\/arumbear.com\/ve\/wp-content\/uploads\/2023\/05\/munoz02web.jpg\" alt=\"\" width=\"350\" height=\"525\" srcset=\"https:\/\/arumbear.com\/ve\/wp-content\/uploads\/2023\/05\/munoz02web.jpg 350w, https:\/\/arumbear.com\/ve\/wp-content\/uploads\/2023\/05\/munoz02web-200x300.jpg 200w, https:\/\/arumbear.com\/ve\/wp-content\/uploads\/2023\/05\/munoz02web-280x420.jpg 280w\" sizes=\"auto, (max-width: 350px) 100vw, 350px\" \/><\/p>\n<p>\u201cCoraz\u00f3n abierto\u201d, \u201cTu guardi\u00e1n\u201d, \u201cA escondidas\u201d, \u201cMi princesa\u201d el Mix de los Hits de Chichi Peralta\u201d (Free cover) y \u201cEl que manda soy yo\u201d fueron los temas escogidos por el cantautor para esta ocasi\u00f3n especial, d\u00e1ndoles ese toque espa\u00f1ol, que hizo cantar, bailar y so\u00f1ar a todos los presentes. Sin duda alguna uno de los momentos m\u00e1s especiales de la noche fue al interpretar el recordado tema \u201cTu guardi\u00e1n\u201d en el que las linternas de los celulares no se hicieron esperar mientras coreaban sin cesar \u201cEres mi luna, mi sol, mi cielo yo soy tu luz, tu guardi\u00e1n\u2026 \u201c.<\/p>\n<p>La presentaci\u00f3n, que se convirti\u00f3 en un recorrido por lo que ha sido la carrera de Victor Mu\u00f1oz, mostrando c\u00f3mo ha evolucionado y se ha reinventado como artista, tambi\u00e9n marca el inicio de una nueva etapa musical que vendr\u00e1 junto a un nuevo disco, de la mano del afamado productor musical ganador del Grammy Latino Manuel Lara, el joven cantautor Noreh y el maestro Yasmil Marrufo.<\/p>\n<p><strong>Sigue los pasos de Victor Mu\u00f1oz aqu\u00ed:<\/strong> <a href=\"https:\/\/linktr.ee\/victormunozvzla\" target=\"_blank\" rel=\"noopener\">https:\/\/linktr.ee\/victormunozvzla<\/a><\/p>\n<hr>\n<p><i><em>Prensa: Daniela Cestari<br \/>\nDC Comunicaciones \/ <a href=\"https:\/\/www.instagram.com\/dc.comunicaciones\" target=\"_blank\" rel=\"noopener\">@dc.comunicaciones<\/a>&nbsp;<\/em><\/i><\/p>\n","protected":false},"excerpt":{"rendered":"<p>El reconocido cantautor le regal\u00f3 a los miles de corazones presentes un paseo m\u00e1gico por algunos de sus ic\u00f3nicos temas, por \u00fanica vez en un formato con ritmos espa\u00f1oles, donde la guitarra y el flamenco eran el sello. Uno de los artistas m\u00e1s importantes y consagrados de Venezuela, V\u00edctor Mu\u00f1oz fue el invitado especial al <\/p>\n","protected":false},"author":3,"featured_media":34807,"comment_status":"closed","ping_status":"open","sticky":false,"template":"","format":"standard","meta":{"footnotes":""},"categories":[2,23],"tags":[],"class_list":["post-34806","post","type-post","status-publish","format-standard","has-post-thumbnail","hentry","category-featured","category-noticias"],"_links":{"self":[{"href":"https:\/\/arumbear.com\/ve\/wp-json\/wp\/v2\/posts\/34806","targetHints":{"allow":["GET"]}}],"collection":[{"href":"https:\/\/arumbear.com\/ve\/wp-json\/wp\/v2\/posts"}],"about":[{"href":"https:\/\/arumbear.com\/ve\/wp-json\/wp\/v2\/types\/post"}],"author":[{"embeddable":true,"href":"https:\/\/arumbear.com\/ve\/wp-json\/wp\/v2\/users\/3"}],"replies":[{"embeddable":true,"href":"https:\/\/arumbear.com\/ve\/wp-json\/wp\/v2\/comments?post=34806"}],"version-history":[{"count":2,"href":"https:\/\/arumbear.com\/ve\/wp-json\/wp\/v2\/posts\/34806\/revisions"}],"predecessor-version":[{"id":34810,"href":"https:\/\/arumbear.com\/ve\/wp-json\/wp\/v2\/posts\/34806\/revisions\/34810"}],"wp:featuredmedia":[{"embeddable":true,"href":"https:\/\/arumbear.com\/ve\/wp-json\/wp\/v2\/media\/34807"}],"wp:attachment":[{"href":"https:\/\/arumbear.com\/ve\/wp-json\/wp\/v2\/media?parent=34806"}],"wp:term":[{"taxonomy":"category","embeddable":true,"href":"https:\/\/arumbear.com\/ve\/wp-json\/wp\/v2\/categories?post=34806"},{"taxonomy":"post_tag","embeddable":true,"href":"https:\/\/arumbear.com\/ve\/wp-json\/wp\/v2\/tags?post=34806"}],"curies":[{"name":"wp","href":"https:\/\/api.w.org\/{rel}","templated":true}]}}