{"id":34812,"date":"2023-05-15T21:56:30","date_gmt":"2023-05-16T01:56:30","guid":{"rendered":"https:\/\/arumbear.com\/ve\/?p=34812"},"modified":"2023-05-21T22:59:55","modified_gmt":"2023-05-22T02:59:55","slug":"chipi-chacon-presenta-nuevo-disco","status":"publish","type":"post","link":"https:\/\/arumbear.com\/ve\/chipi-chacon-presenta-nuevo-disco\/","title":{"rendered":"Chipi Chac\u00f3n presenta nuevo disco"},"content":{"rendered":"<p>El multipremiado cantautor y trompetista venezolano residenciado en Espa\u00f1a, llega con su sexto trabajo discogr\u00e1fico, donde fusiona cl\u00e1sicos de la m\u00fasica cubana y estadounidense, con la participaci\u00f3n de extraordinarios invitados como Ala\u00edn P\u00e9rez, Jimmy Haslip, Ademir Junior, Ella Bric y Luis Perdomo.<\/p>\n<p>Chipi Chac\u00f3n vuelve a cruzar fronteras musicales con el lanzamiento de A corta distancia, su sexta placa discogr\u00e1fica donde rinde tributo a dos de sus mayores influencias art\u00edsticas: la m\u00fasica cubana y la estadounidense.<\/p>\n<p>\u201cMe siento muy feliz de rendir este humilde homenaje a trav\u00e9s de mi voz y mi trompeta a la m\u00fasica de estas dos naciones que tanto han aportado a la historia y al mundo musical y que est\u00e1n a solo kil\u00f3metros, muy cerca. Este nuevo disco me representa bastante. Tanto la m\u00fasica cubana como el jazz son mi adoraci\u00f3n. Desde mis inicios en la m\u00fasica y hasta el sol de hoy me he preocupado por cultivar y respetar estos g\u00e9neros desde lo m\u00e1s profundo de mi coraz\u00f3n\u201d.<\/p>\n<p>El multipremiado trompetista, arreglista y cantautor venezolano, quien desde 2020 reside en Espa\u00f1a, resume en los seis tracks de esta nueva producci\u00f3n una b\u00fasqueda que comenz\u00f3 a desarrollar en abril de ese a\u00f1o, en pleno inicio de pandemia, cuando, como obsequio del d\u00eda de las madres, fusion\u00f3 un bolero con un standard de jazz.<\/p>\n<p>\u201cYo estaba viviendo a\u00fan en Bogot\u00e1 y en medio de la tristeza e incertidumbre de esos d\u00edas, le coment\u00e9 la idea de esta fusi\u00f3n a Germ\u00e1n Landaeta, mi ingeniero de grabaci\u00f3n y c\u00f3mplice de anteriores proyectos. A \u00e9l le encant\u00f3, as\u00ed que le ped\u00ed a mi padre, Gerardo Chac\u00f3n, que me hiciera un arreglo de Como fue, de Ernesto Duarte, unido a Days of wine and roses, de Henry Mancini. Lo lanzamos y gust\u00f3 mucho\u201d, dice.<\/p>\n<p>Sobre esto, agrega entusiasmado: \u201cEl p\u00fablico recibi\u00f3 muy bien esa primera propuesta, por lo que decidimos seguir la misma l\u00ednea: grabar piezas de compositores cubanos y americanos en forma de popurr\u00ed y en diferentes ritmos: bossa-nova, samba, swing, bolero, son y merengue venezolano (5&#215;8) que es, particularmente, mi ritmo favorito de mi pa\u00eds por su autenticidad\u00bb.<\/p>\n<p>Conjugar Dos Gardenias\/ Body and Soul; Fabricando Fantas\u00edas\/ My Funny Valentine; Tus ojos\/ Giant Steps; Bruselas en la lluvia\/ What a wonderful world; Como fue\/ Days of wine and roses, y Tu nombre en un bolero\/ Wendy fue, para el artista, un compromiso pero a su vez una gran alegr\u00eda por todo lo que significa este repertorio en su vida.<\/p>\n<p>En esta tarea cont\u00f3 de nuevo con la participaci\u00f3n de su padre, \u201cel sastre de mis ideas\u201d, como \u00e9l propio artista lo describe. \u201cEl hizo arreglos a la medida y con absoluta compresi\u00f3n de cada estilo musical, para as\u00ed darle forma al disco junto a mi querido German Landaeta, fueron aportando y cuidando cada detalle del disco, sin duda, dos grandes productores\u201d, afirma. Tambi\u00e9n destaca la contribuci\u00f3n de Jean S\u00e1nchez, en la grabaci\u00f3n y edici\u00f3n.<\/p>\n<p>A esto se suma la participaci\u00f3n de m\u00fasicos de primera l\u00ednea, pertenecientes a diferentes generaciones, lo que le da un contraste maravilloso a los temas:&nbsp; Joel Martinez, Freddy Adri\u00e1n, Andr\u00e9s Brice\u00f1o, Carlos \u201cNen\u00e9\u201d Quintero, Eric Chac\u00f3n, Cesar Orozco, Gonzalo Teppa, Yonathan \u201cMorocho\u201d Gavidia, Abelardo Bola\u00f1o, Juan \u00c1ngel Esquivel, Gabriel Chakarji, Jorge Torres, Hector Medina, Carlos P\u00e9rez, Eduard Marquina y el percusionista Robert Vilera, recientemente fallecido.<\/p>\n<p>Como invitados especiales est\u00e1n Ala\u00edn P\u00e9rez (Cuba) Jimmy Haslip (EEUU) Ella Bric (Venezuela), Ademir Junior (Brasil) y Luis Perdomo (Venezuela), artistas que contribuyen con su enorme musicalidad y originalidad, a hacer esta producci\u00f3n a\u00fan m\u00e1s especial; tal como lo ha manifestado el maestro Arturo Sandoval, referente fundamental del latin jazz: \u201cQuerido Chipi, acabo de escuchar tu nuevo disco A corta distancia&#8230; \u00a1Tremendo trabajo! Las improvisaciones excelentes, la voz muy sentida y afinada, tu sonido en la trompeta y el flugel es maravilloso. Te felicito efusivamente, tienes un tremendo disco que le recomiendo a todos los amantes de la buena m\u00fasica.\u00a1Enhorabuena!\u201d.<\/p>\n<p>Chipi Chac\u00f3n: A corta distancia ya est\u00e1 disponible en Pandora, ITunes, Spotify, Google Play, Amazon, Deezer y Tidal, entre otras plataformas globales de streaming musical globales.<\/p>\n<p><iframe loading=\"lazy\" title=\"Chipi Chac\u00f3n - A corta distancia (Musicians and Producers)\" width=\"640\" height=\"360\" src=\"https:\/\/www.youtube.com\/embed\/65n3B2ES0Ps?feature=oembed\" frameborder=\"0\" allow=\"accelerometer; autoplay; clipboard-write; encrypted-media; gyroscope; picture-in-picture; web-share\" referrerpolicy=\"strict-origin-when-cross-origin\" allowfullscreen><\/iframe><\/p>\n<hr>\n<p><em>Prensa: Yubir\u00ed Arraiz Pinto&nbsp;<\/em><\/p>\n","protected":false},"excerpt":{"rendered":"<p>El multipremiado cantautor y trompetista venezolano residenciado en Espa\u00f1a, llega con su sexto trabajo discogr\u00e1fico, donde fusiona cl\u00e1sicos de la m\u00fasica cubana y estadounidense, con la participaci\u00f3n de extraordinarios invitados como Ala\u00edn P\u00e9rez, Jimmy Haslip, Ademir Junior, Ella Bric y Luis Perdomo. Chipi Chac\u00f3n vuelve a cruzar fronteras musicales con el lanzamiento de A corta <\/p>\n","protected":false},"author":3,"featured_media":34815,"comment_status":"closed","ping_status":"open","sticky":false,"template":"","format":"standard","meta":{"footnotes":""},"categories":[2,231,230],"tags":[],"class_list":["post-34812","post","type-post","status-publish","format-standard","has-post-thumbnail","hentry","category-featured","category-internacional","category-musica"],"_links":{"self":[{"href":"https:\/\/arumbear.com\/ve\/wp-json\/wp\/v2\/posts\/34812","targetHints":{"allow":["GET"]}}],"collection":[{"href":"https:\/\/arumbear.com\/ve\/wp-json\/wp\/v2\/posts"}],"about":[{"href":"https:\/\/arumbear.com\/ve\/wp-json\/wp\/v2\/types\/post"}],"author":[{"embeddable":true,"href":"https:\/\/arumbear.com\/ve\/wp-json\/wp\/v2\/users\/3"}],"replies":[{"embeddable":true,"href":"https:\/\/arumbear.com\/ve\/wp-json\/wp\/v2\/comments?post=34812"}],"version-history":[{"count":3,"href":"https:\/\/arumbear.com\/ve\/wp-json\/wp\/v2\/posts\/34812\/revisions"}],"predecessor-version":[{"id":34816,"href":"https:\/\/arumbear.com\/ve\/wp-json\/wp\/v2\/posts\/34812\/revisions\/34816"}],"wp:featuredmedia":[{"embeddable":true,"href":"https:\/\/arumbear.com\/ve\/wp-json\/wp\/v2\/media\/34815"}],"wp:attachment":[{"href":"https:\/\/arumbear.com\/ve\/wp-json\/wp\/v2\/media?parent=34812"}],"wp:term":[{"taxonomy":"category","embeddable":true,"href":"https:\/\/arumbear.com\/ve\/wp-json\/wp\/v2\/categories?post=34812"},{"taxonomy":"post_tag","embeddable":true,"href":"https:\/\/arumbear.com\/ve\/wp-json\/wp\/v2\/tags?post=34812"}],"curies":[{"name":"wp","href":"https:\/\/api.w.org\/{rel}","templated":true}]}}