{"id":34818,"date":"2023-05-15T22:08:22","date_gmt":"2023-05-16T02:08:22","guid":{"rendered":"https:\/\/arumbear.com\/ve\/?p=34818"},"modified":"2023-05-21T23:00:22","modified_gmt":"2023-05-22T03:00:22","slug":"gianna-dico-claro-que-sueno-con-un-grammy","status":"publish","type":"post","link":"https:\/\/arumbear.com\/ve\/gianna-dico-claro-que-sueno-con-un-grammy\/","title":{"rendered":"Gianna Dico: \u00abClaro que sue\u00f1o con un Grammy\u00bb"},"content":{"rendered":"<p><strong><em>La cantante venezolana estrena nuevo tema de su autor\u00eda, titulado \u2018Mi desayuno favorito\u2019<\/em><\/strong><\/p>\n<p>Se\u00f1ala que lo m\u00e1s bonito que tiene es su esencia y mostrarse al mundo tal como es. Gianna Dico se dio a conocer a trav\u00e9s de las redes sociales y estrena nuevo tema que escribi\u00f3 literalmente bajo la ducha. \u201cMi desayuno favorito\u201d, es una canci\u00f3n que representa tambi\u00e9n una nueva faceta en su vida personal y fue producida por Freddy \u00c1lvarez y Cristian Maldonado.<\/p>\n<p>\u201c&nbsp;\u2018Mi desayuno favorito\u2019 nace en mi ducha. Siempre la voy a recordar especialmente por eso, porque no es una canci\u00f3n que me sent\u00e9 a escribir en mi cuaderno, sino que vino la idea justo en ese momento y me toc\u00f3 hasta mojar el tel\u00e9fono para grabarla y que no se me escapara la inspiraci\u00f3n\u201d, se\u00f1ala Gianna acerca del momento en que lleg\u00f3 la musa.<\/p>\n<p><img loading=\"lazy\" decoding=\"async\" class=\"alignright size-full wp-image-34821\" src=\"https:\/\/arumbear.com\/ve\/wp-content\/uploads\/2023\/05\/gianna02web.jpg\" alt=\"\" width=\"350\" height=\"350\" srcset=\"https:\/\/arumbear.com\/ve\/wp-content\/uploads\/2023\/05\/gianna02web.jpg 350w, https:\/\/arumbear.com\/ve\/wp-content\/uploads\/2023\/05\/gianna02web-300x300.jpg 300w, https:\/\/arumbear.com\/ve\/wp-content\/uploads\/2023\/05\/gianna02web-150x150.jpg 150w\" sizes=\"auto, (max-width: 350px) 100vw, 350px\" \/><\/p>\n<p>Con hermosos paisajes en la costa de Rep\u00fablica Dominicana, la cantautora rod\u00f3 el videoclip, que acompa\u00f1a la promoci\u00f3n de este nuevo tema, bajo la direcci\u00f3n de Ra\u00fal Antonio. &nbsp;<\/p>\n<p>\u201cEl video lo hicimos en Cap Cana. A Ra\u00fal Antonio lo conoc\u00ed por mi productor musical, Christian Maldonado, \u2018Masterchris\u2019, cuando fui a grabar la canci\u00f3n. Le ped\u00ed que me recomendara un vide\u00f3grafo para hacer unas tomas en el estudio, pero decidimos realizar el video oficial de una vez. \u00c9l es dominicano. Fue un d\u00eda entero y en las \u00faltimas tomas se puede ver, c\u00f3mo nos agarr\u00f3 la noche persiguiendo el atardecer\u201d, explica la artista, cuyo estilo define como pop latino.&nbsp;<\/p>\n<p>Gianna Dico naci\u00f3 en la ciudad de Lecher\u00eda (estado Anzo\u00e1tegui) el 30 de agosto de 1.992. Actualmente reside entre Espa\u00f1a y Venezuela. En el colegio form\u00f3 parte de agrupaciones corales y siempre tuvo la convicci\u00f3n de ser cantante. Con mucha naturalidad, mostr\u00f3 videos de su vida cotidiana en su cuenta instagram <a href=\"https:\/\/www.instagram.com\/giannadico\" target=\"_blank\" rel=\"noopener\">@giannadico<\/a> , que se volvieron virales.<\/p>\n<p><strong>&#8211; \u00bfActualmente qu\u00e9 queda de aquella Gianna desenfadada?<\/strong><br \/>\n&#8211; Siempre me ha definido mi esencia y es bonito cuando puedes mostrarte al mundo tal cual eres. Yo le pido a Dios poder ser la Gianna desenfadada el resto de mi vida.<\/p>\n<p><strong>&#8211; \u00bfSue\u00f1as con un premio Grammy?<\/strong><br \/>\n&#8211; Claro que sue\u00f1o con un Grammy, eso ser\u00eda una buena consecuencia de todo el camino que me queda por recorrer. Visualizo un \u00e9xito que pueda disfrutar como un ser humano com\u00fan, que entregue lo mejor a mi p\u00fablico y a mi familia.<\/p>\n<p><img loading=\"lazy\" decoding=\"async\" class=\"size-full wp-image-34822 aligncenter\" src=\"https:\/\/arumbear.com\/ve\/wp-content\/uploads\/2023\/05\/gianna03web.jpg\" alt=\"\" width=\"700\" height=\"400\" srcset=\"https:\/\/arumbear.com\/ve\/wp-content\/uploads\/2023\/05\/gianna03web.jpg 700w, https:\/\/arumbear.com\/ve\/wp-content\/uploads\/2023\/05\/gianna03web-300x171.jpg 300w, https:\/\/arumbear.com\/ve\/wp-content\/uploads\/2023\/05\/gianna03web-696x398.jpg 696w\" sizes=\"auto, (max-width: 700px) 100vw, 700px\" \/><\/p>\n<p>Gianna Dico llega a las plataformas digitales en 2019, con los sencillos \u2018Tenerte\u2019, \u2018Ruega al cielo\u2019 y \u2018Karma\u2019. Su nuevo promocional, \u2018Mi desayuno favorito\u2019, est\u00e1 disponible en Venezuela en Spotify.&nbsp;\u201cEsta nueva canci\u00f3n refleja esa magia de volver a creer en el amor. Despu\u00e9s de tener algunos tropiezos de la vida, es esperanza para m\u00ed y fe, saber que Dios siempre gu\u00eda nuestro camino\u201d,&nbsp;agrega la artista.<\/p>\n<p>La promoci\u00f3n en Venezuela de Gianna Dico est\u00e1 a cargo de Producciones HAF, bajo la direcci\u00f3n de Hirvin Flores.<\/p>\n<p><iframe loading=\"lazy\" title=\"Gianna Dico - Mi Desayuno Favorito (Video Oficial)\" width=\"640\" height=\"360\" src=\"https:\/\/www.youtube.com\/embed\/06SMlJ5LOGQ?feature=oembed\" frameborder=\"0\" allow=\"accelerometer; autoplay; clipboard-write; encrypted-media; gyroscope; picture-in-picture; web-share\" referrerpolicy=\"strict-origin-when-cross-origin\" allowfullscreen><\/iframe><\/p>\n<hr>\n<p><em>Prensa: Jos\u00e9 Rafael Rodr\u00edguez &#8211; Deyanira Lozano<br \/>\nJota Erre Medios \/ <a href=\"https:\/\/www.instagram.com\/jotaerremedios\" target=\"_blank\" rel=\"noreferrer noopener\" data-type=\"URL\" data-id=\"https:\/\/www.instagram.com\/jotaerremedios\">@jotaerremedios<\/a>&nbsp;<\/em><\/p>\n","protected":false},"excerpt":{"rendered":"<p>La cantante venezolana estrena nuevo tema de su autor\u00eda, titulado \u2018Mi desayuno favorito\u2019 Se\u00f1ala que lo m\u00e1s bonito que tiene es su esencia y mostrarse al mundo tal como es. Gianna Dico se dio a conocer a trav\u00e9s de las redes sociales y estrena nuevo tema que escribi\u00f3 literalmente bajo la ducha. \u201cMi desayuno favorito\u201d, <\/p>\n","protected":false},"author":3,"featured_media":34820,"comment_status":"closed","ping_status":"open","sticky":false,"template":"","format":"standard","meta":{"footnotes":""},"categories":[2,230,232],"tags":[],"class_list":["post-34818","post","type-post","status-publish","format-standard","has-post-thumbnail","hentry","category-featured","category-musica","category-nacional"],"_links":{"self":[{"href":"https:\/\/arumbear.com\/ve\/wp-json\/wp\/v2\/posts\/34818","targetHints":{"allow":["GET"]}}],"collection":[{"href":"https:\/\/arumbear.com\/ve\/wp-json\/wp\/v2\/posts"}],"about":[{"href":"https:\/\/arumbear.com\/ve\/wp-json\/wp\/v2\/types\/post"}],"author":[{"embeddable":true,"href":"https:\/\/arumbear.com\/ve\/wp-json\/wp\/v2\/users\/3"}],"replies":[{"embeddable":true,"href":"https:\/\/arumbear.com\/ve\/wp-json\/wp\/v2\/comments?post=34818"}],"version-history":[{"count":3,"href":"https:\/\/arumbear.com\/ve\/wp-json\/wp\/v2\/posts\/34818\/revisions"}],"predecessor-version":[{"id":34824,"href":"https:\/\/arumbear.com\/ve\/wp-json\/wp\/v2\/posts\/34818\/revisions\/34824"}],"wp:featuredmedia":[{"embeddable":true,"href":"https:\/\/arumbear.com\/ve\/wp-json\/wp\/v2\/media\/34820"}],"wp:attachment":[{"href":"https:\/\/arumbear.com\/ve\/wp-json\/wp\/v2\/media?parent=34818"}],"wp:term":[{"taxonomy":"category","embeddable":true,"href":"https:\/\/arumbear.com\/ve\/wp-json\/wp\/v2\/categories?post=34818"},{"taxonomy":"post_tag","embeddable":true,"href":"https:\/\/arumbear.com\/ve\/wp-json\/wp\/v2\/tags?post=34818"}],"curies":[{"name":"wp","href":"https:\/\/api.w.org\/{rel}","templated":true}]}}