{"id":34830,"date":"2023-05-15T22:32:14","date_gmt":"2023-05-16T02:32:14","guid":{"rendered":"https:\/\/arumbear.com\/ve\/?p=34830"},"modified":"2023-05-24T00:52:48","modified_gmt":"2023-05-24T04:52:48","slug":"el-concurso-vintage-creations-de-fundaprocura-y-valerie-frangie-ya-tiene-un-ganador","status":"publish","type":"post","link":"https:\/\/arumbear.com\/ve\/el-concurso-vintage-creations-de-fundaprocura-y-valerie-frangie-ya-tiene-un-ganador\/","title":{"rendered":"El Concurso Vintage Creations de Fundaprocura y Valerie Frangie ya tiene un ganador"},"content":{"rendered":"<p><strong><em>M\u00e1s de 70 propuestas de 28 dise\u00f1adores diferentes se animaron a participar en este creativo concurso<\/em><\/strong><\/p>\n<p>En el marco de la celebraci\u00f3n de los 15 a\u00f1os del sal\u00f3n Vintage de Fundaprocura, el pasado mes de abril se public\u00f3 el primer Concurso&nbsp;Vintage Creations, liderado por&nbsp;la dise\u00f1adora Valerie Frangie. Este concurso buscaba ofrecer a los dise\u00f1adores interesados, la oportunidad de mostrar su talento y originalidad a trav\u00e9s de su participaci\u00f3n en el evento creativo, para dise\u00f1ar la franela que distinguir\u00e1 la edici\u00f3n del a\u00f1o 2023, la cual se celebrar\u00e1 el d\u00eda 12 de junio.<\/p>\n<p>El concurso cont\u00f3 con 4 d\u00edas para realizar la inscripci\u00f3n y un par de semanas para enviar las propuestas, durante este tiempo la fundaci\u00f3n se sinti\u00f3 gratamente sorprendida y conmovida por la alt\u00edsima receptividad que tuvieron en esta actividad, donde recibieron 76 propuestas diferentes de franelas, provenientes de los 28 talentosos e ingeniosos dise\u00f1adores que se animaron a participar, superando completamente las expectativas de la organizaci\u00f3n.<\/p>\n<p><img loading=\"lazy\" decoding=\"async\" class=\"alignright size-full wp-image-34832\" src=\"https:\/\/arumbear.com\/ve\/wp-content\/uploads\/2023\/05\/funda02web.jpg\" alt=\"\" width=\"350\" height=\"622\" srcset=\"https:\/\/arumbear.com\/ve\/wp-content\/uploads\/2023\/05\/funda02web.jpg 350w, https:\/\/arumbear.com\/ve\/wp-content\/uploads\/2023\/05\/funda02web-169x300.jpg 169w, https:\/\/arumbear.com\/ve\/wp-content\/uploads\/2023\/05\/funda02web-236x420.jpg 236w\" sizes=\"auto, (max-width: 350px) 100vw, 350px\" \/><\/p>\n<p>Estas propuestas fueron enviadas al jurado seleccionado de manera an\u00f3nima, para que la votaci\u00f3n estuviese basada \u00fanicamente en el dise\u00f1o y lo que se deseaba encontrar y reflejar para la edici\u00f3n especial de la franela.&nbsp;<\/p>\n<p>El jurado integrado por Valerie Frangie, dise\u00f1adora de modas. Margarita Zingg, dise\u00f1adora y fundadora del Vintage Fundaprocura. Kristina Kubler, voluntaria de Fundaprocura. Fran Beaufrand, Fot\u00f3grafo de moda. Victoria Gonz\u00e1lez, Fot\u00f3grafo de moda. Mario Aranaga, Editor de Moda. Cecilia Vegas de Puppio, Comit\u00e9 de Bazar Fundaprocura y Carolina Goicochea, Relacionista P\u00fablica son personalidades que han sido colaboradores de la fundaci\u00f3n durante a\u00f1os, haciendo posible que el sal\u00f3n Vintage se haya podido convertir en el evento que es hoy d\u00eda.&nbsp;<\/p>\n<p>Adem\u00e1s, a la votaci\u00f3n se sum\u00f3 el p\u00fablico de la comunidad de Instagram, donde se mostraron todas las propuestas.<\/p>\n<p>El dise\u00f1o que obtuvo m\u00e1s votos fue el de Sofia Gonz\u00e1lez, de la marca Clareths, una joven Fisioterapeuta egresada de la UCV, que adem\u00e1s es apasionada de la costura.&nbsp; Su propuesta viene dada por una franela con talla oversize siguiendo las pautas de la moda actual y con un mensaje muy sencillo, pero claro \u201cBe Nice. Be Vintage\u201d, al que agreg\u00f3 la etiqueta #Accesoparatodos, frase inspirada en la inclusiva campa\u00f1a actual que est\u00e1 impulsando la fundaci\u00f3n.&nbsp;&nbsp;<\/p>\n<p>\u201cCuando supimos que Sof\u00eda era la ganadora, al conocerla, nos cont\u00f3 que ella hab\u00eda hecho sus pasant\u00edas en el \u00e1rea de terapias de Fundaprocura en el a\u00f1o 2022 y que apenas se enter\u00f3 de la convocatoria se sinti\u00f3 inspirada para dise\u00f1ar algo que transmite todo lo que hab\u00eda sentido durante su trabajo en la fundaci\u00f3n\u201d agreg\u00f3 el comit\u00e9 organizador del concurso.<\/p>\n<p>En su reciente visita a Fundaprocura Sof\u00eda present\u00f3 una muestra piloto para poder iniciar el proceso de confecci\u00f3n y producci\u00f3n, y as\u00ed corregir tama\u00f1os, logos, entre otros aspectos antes de entregar la producci\u00f3n final.&nbsp;<\/p>\n<p><img loading=\"lazy\" decoding=\"async\" class=\"size-full wp-image-34833 aligncenter\" src=\"https:\/\/arumbear.com\/ve\/wp-content\/uploads\/2023\/05\/funda03web.jpg\" alt=\"\" width=\"700\" height=\"400\" srcset=\"https:\/\/arumbear.com\/ve\/wp-content\/uploads\/2023\/05\/funda03web.jpg 700w, https:\/\/arumbear.com\/ve\/wp-content\/uploads\/2023\/05\/funda03web-300x171.jpg 300w, https:\/\/arumbear.com\/ve\/wp-content\/uploads\/2023\/05\/funda03web-696x398.jpg 696w\" sizes=\"auto, (max-width: 700px) 100vw, 700px\" \/><\/p>\n<p>Fundaprocura agradece a todas y cada una de las personas que se apuntaron en este concurso, demostrando una vez m\u00e1s que las causas nobles mueven al mundo.<\/p>\n<p>Se parte siempre de iniciativas que te ayuden a cambiar el mundo y ayudar a quienes m\u00e1s lo necesiten, la vida seguro te lo recompensar\u00e1.<\/p>\n<p><strong>Fundaprocura te invita el pr\u00f3ximo 12 de junio a vivir una vez m\u00e1s la experiencia del Sal\u00f3n Vintage.<\/strong><\/p>\n<hr>\n<p><em>Prensa: Mar\u00eda Laura Tato<br \/>\nGPC Consulting \/ <a href=\"https:\/\/www.instagram.com\/gpcconsulting\" target=\"_blank\" rel=\"noopener\">@gpcconsulting&nbsp;<\/a><\/em><\/p>\n","protected":false},"excerpt":{"rendered":"<p>M\u00e1s de 70 propuestas de 28 dise\u00f1adores diferentes se animaron a participar en este creativo concurso En el marco de la celebraci\u00f3n de los 15 a\u00f1os del sal\u00f3n Vintage de Fundaprocura, el pasado mes de abril se public\u00f3 el primer Concurso&nbsp;Vintage Creations, liderado por&nbsp;la dise\u00f1adora Valerie Frangie. Este concurso buscaba ofrecer a los dise\u00f1adores interesados, <\/p>\n","protected":false},"author":3,"featured_media":34831,"comment_status":"closed","ping_status":"open","sticky":false,"template":"","format":"standard","meta":{"footnotes":""},"categories":[2,1311],"tags":[],"class_list":["post-34830","post","type-post","status-publish","format-standard","has-post-thumbnail","hentry","category-featured","category-moda"],"_links":{"self":[{"href":"https:\/\/arumbear.com\/ve\/wp-json\/wp\/v2\/posts\/34830","targetHints":{"allow":["GET"]}}],"collection":[{"href":"https:\/\/arumbear.com\/ve\/wp-json\/wp\/v2\/posts"}],"about":[{"href":"https:\/\/arumbear.com\/ve\/wp-json\/wp\/v2\/types\/post"}],"author":[{"embeddable":true,"href":"https:\/\/arumbear.com\/ve\/wp-json\/wp\/v2\/users\/3"}],"replies":[{"embeddable":true,"href":"https:\/\/arumbear.com\/ve\/wp-json\/wp\/v2\/comments?post=34830"}],"version-history":[{"count":2,"href":"https:\/\/arumbear.com\/ve\/wp-json\/wp\/v2\/posts\/34830\/revisions"}],"predecessor-version":[{"id":34835,"href":"https:\/\/arumbear.com\/ve\/wp-json\/wp\/v2\/posts\/34830\/revisions\/34835"}],"wp:featuredmedia":[{"embeddable":true,"href":"https:\/\/arumbear.com\/ve\/wp-json\/wp\/v2\/media\/34831"}],"wp:attachment":[{"href":"https:\/\/arumbear.com\/ve\/wp-json\/wp\/v2\/media?parent=34830"}],"wp:term":[{"taxonomy":"category","embeddable":true,"href":"https:\/\/arumbear.com\/ve\/wp-json\/wp\/v2\/categories?post=34830"},{"taxonomy":"post_tag","embeddable":true,"href":"https:\/\/arumbear.com\/ve\/wp-json\/wp\/v2\/tags?post=34830"}],"curies":[{"name":"wp","href":"https:\/\/api.w.org\/{rel}","templated":true}]}}