{"id":36002,"date":"2023-07-12T12:58:55","date_gmt":"2023-07-12T16:58:55","guid":{"rendered":"https:\/\/arumbear.com\/ve\/?p=36002"},"modified":"2023-07-24T00:21:28","modified_gmt":"2023-07-24T04:21:28","slug":"katherine-martinez-cautivo-en-el-miami-swim-week","status":"publish","type":"post","link":"https:\/\/arumbear.com\/ve\/katherine-martinez-cautivo-en-el-miami-swim-week\/","title":{"rendered":"Katherine Martinez cautivo en el Miami Swim Week"},"content":{"rendered":"<p>El pasado viernes 7 de Julio, se llev\u00f3 a cabo en la ciudad del sol, el \u201cMiami Swim Week 2023\u201d en el marco de la semana de la moda de Miami, que re\u00fane a las marcas y dise\u00f1adores de moda m\u00e1s relevantes de la industria.<\/p>\n<p>El talento venezolano, como es de costumbre no pod\u00eda pasar desapercibido, y diversas modelos y ex reinas de belleza, se dieron cita a la convocatoria para desfilar por la afamada pasarela. Tal fue el caso de la ex reina de belleza y animadora de Vitrina Televen Katherine Martinez quien se rob\u00f3 las miradas con su belleza y talento en el lanzamiento de la nueva colecci\u00f3n de traje de ba\u00f1os \u201cSense Of G\u201d de la modelo internacional Aleska G\u00e9nesis.<\/p>\n<p>La animadora de Televen coment\u00f3 sentirse emocionada y feliz de poder representar a venezuela en el exterior. Ha sido una experiencia m\u00e1gica. Cabe destacar que va a trabajar con importantes iconos de la moda internacional por lo que pidi\u00f3 estar atentos a sus redes sociales.<\/p>\n<p><img loading=\"lazy\" decoding=\"async\" class=\"size-full wp-image-36005 aligncenter\" src=\"https:\/\/arumbear.com\/ve\/wp-content\/uploads\/2023\/07\/kathe02web.jpg\" alt=\"\" width=\"700\" height=\"500\" srcset=\"https:\/\/arumbear.com\/ve\/wp-content\/uploads\/2023\/07\/kathe02web.jpg 700w, https:\/\/arumbear.com\/ve\/wp-content\/uploads\/2023\/07\/kathe02web-300x214.jpg 300w, https:\/\/arumbear.com\/ve\/wp-content\/uploads\/2023\/07\/kathe02web-100x70.jpg 100w, https:\/\/arumbear.com\/ve\/wp-content\/uploads\/2023\/07\/kathe02web-696x497.jpg 696w, https:\/\/arumbear.com\/ve\/wp-content\/uploads\/2023\/07\/kathe02web-588x420.jpg 588w\" sizes=\"auto, (max-width: 700px) 100vw, 700px\" \/><\/p>\n<p>La cobertura del evento reuni\u00f3 a la prensa m\u00e1s solicitada de la ciudad, pero tambi\u00e9n pudo disfrutarse a trav\u00e9s de YouTube con una cobertura de m\u00e1s de 50 mil personas en vivo.<\/p>\n<p>Recordemos que la venezolana recientemente se estren\u00f3 como empresaria con la inauguraci\u00f3n de su tienda de ropa \u201cBy Fashion Shine\u201d ubicada en la torre Tamanaco de la ciudad Capital. Sin duda alguna un a\u00f1o bastante fruct\u00edfero para Mart\u00ednez pues actualmente tambi\u00e9n la podemos disfrutar de lunes a viernes a las 10 am por las pantallas de televen en el magazine que alegra tus ma\u00f1anas \u201cVitrina\u201d.<\/p>\n<p><strong>Para todas aquellas personas que deseen seguirle la pista a esta talentosa venezolana pueden hacerlo a trav\u00e9s de sus redes sociales como<\/strong> <a href=\"https:\/\/www.instagram.com\/katherinemartinzzrg\" target=\"_blank\" rel=\"noopener\">@katherinemartinzzrg<\/a><\/p>\n<hr>\n<p><em>Prensa: Jes\u00fas Bastidas \/ <a href=\"https:\/\/www.instagram.com\/jesusprensa\" target=\"_blank\" rel=\"noopener\">@jesusprensa<\/a><\/em><\/p>\n","protected":false},"excerpt":{"rendered":"<p>El pasado viernes 7 de Julio, se llev\u00f3 a cabo en la ciudad del sol, el \u201cMiami Swim Week 2023\u201d en el marco de la semana de la moda de Miami, que re\u00fane a las marcas y dise\u00f1adores de moda m\u00e1s relevantes de la industria. El talento venezolano, como es de costumbre no pod\u00eda pasar <\/p>\n","protected":false},"author":3,"featured_media":36004,"comment_status":"closed","ping_status":"open","sticky":false,"template":"","format":"standard","meta":{"footnotes":""},"categories":[319,2,321],"tags":[],"class_list":["post-36002","post","type-post","status-publish","format-standard","has-post-thumbnail","hentry","category-farandula","category-featured","category-nacional-farandula"],"_links":{"self":[{"href":"https:\/\/arumbear.com\/ve\/wp-json\/wp\/v2\/posts\/36002","targetHints":{"allow":["GET"]}}],"collection":[{"href":"https:\/\/arumbear.com\/ve\/wp-json\/wp\/v2\/posts"}],"about":[{"href":"https:\/\/arumbear.com\/ve\/wp-json\/wp\/v2\/types\/post"}],"author":[{"embeddable":true,"href":"https:\/\/arumbear.com\/ve\/wp-json\/wp\/v2\/users\/3"}],"replies":[{"embeddable":true,"href":"https:\/\/arumbear.com\/ve\/wp-json\/wp\/v2\/comments?post=36002"}],"version-history":[{"count":2,"href":"https:\/\/arumbear.com\/ve\/wp-json\/wp\/v2\/posts\/36002\/revisions"}],"predecessor-version":[{"id":36006,"href":"https:\/\/arumbear.com\/ve\/wp-json\/wp\/v2\/posts\/36002\/revisions\/36006"}],"wp:featuredmedia":[{"embeddable":true,"href":"https:\/\/arumbear.com\/ve\/wp-json\/wp\/v2\/media\/36004"}],"wp:attachment":[{"href":"https:\/\/arumbear.com\/ve\/wp-json\/wp\/v2\/media?parent=36002"}],"wp:term":[{"taxonomy":"category","embeddable":true,"href":"https:\/\/arumbear.com\/ve\/wp-json\/wp\/v2\/categories?post=36002"},{"taxonomy":"post_tag","embeddable":true,"href":"https:\/\/arumbear.com\/ve\/wp-json\/wp\/v2\/tags?post=36002"}],"curies":[{"name":"wp","href":"https:\/\/api.w.org\/{rel}","templated":true}]}}