{"id":36069,"date":"2023-07-15T23:26:22","date_gmt":"2023-07-16T03:26:22","guid":{"rendered":"https:\/\/arumbear.com\/ve\/?p=36069"},"modified":"2023-07-15T23:26:22","modified_gmt":"2023-07-16T03:26:22","slug":"la-salsa-moderna-de-jonathan-moly-se-apoderara-de-premios-juventud","status":"publish","type":"post","link":"https:\/\/arumbear.com\/ve\/la-salsa-moderna-de-jonathan-moly-se-apoderara-de-premios-juventud\/","title":{"rendered":"La salsa moderna de Jonathan Moly se apoderar\u00e1 de Premios Juventud"},"content":{"rendered":"<p>El venezolano est\u00e1 confirmado en la ceremonia del importante galard\u00f3n. Celebrar\u00e1 junto a la banda estadounidense Hoobastank el vig\u00e9simo aniversario del tema \u201cThe Reason\u201d, cuya versi\u00f3n en salsa forma parte su \u00e1lbum \u201cMetamorfosis\u201d.<\/p>\n<p>Jonathan Moly alista maletas para viajar a Puerto Rico y ser parte de Premios Juventud 2023. <strong>El venezolano fue anunciado este martes entre el cartel de artistas que se presentar\u00e1 en la ceremonia que tendr\u00e1 lugar en el Coliseo Jos\u00e9 Miguel Agrelot en San Juan, Puerto Rico, el jueves 20 de julio.<\/strong><\/p>\n<p>Jonathan Moly llegar\u00e1 al prestigioso escenario del galard\u00f3n para interpretar The Reason junto a Hoobastank, tema en salsa moderna incluido en su \u00e1lbum \u201cMetamorfosis\u201d.<\/p>\n<p>La ocasi\u00f3n ser\u00e1 propicia para celebrar con la banda estadounidense dos d\u00e9cadas del estreno del \u00e9xito con el que conquist\u00f3 los primeros lugares de la cartelera pop rock y el sitial de honor del Hot 100 de Billboard.<\/p>\n<p>Se conoci\u00f3 que Hoobastank viajar\u00e1 desde Los \u00c1ngeles para sumarse a los ensayos del performance junto a Moly.<\/p>\n<p>Esta memorable presentaci\u00f3n de Moly y Hoobastank ser\u00e1 parte de la gala de Premios Juventud, que ser\u00e1 transmitida por Univision y en Venezuela se podr\u00e1 disfrutar en directo a trav\u00e9s de Venevisi\u00f3n.<\/p>\n<p><strong>Sigue cada paso de Jonathan Moly rumbo a Premios Juventud en sus redes sociales<\/strong> <a href=\"https:\/\/www.instagram.com\/jonathanmoly\" target=\"_blank\" rel=\"noopener\">@jonathanmoly<\/a><\/p>\n<hr>\n<p><em>Prensa: Blanca Santos \/ <a href=\"https:\/\/www.instagram.com\/blanquisantos\" target=\"_blank\" rel=\"noreferrer noopener\">@blanquisantos<\/a><\/em><\/p>\n","protected":false},"excerpt":{"rendered":"<p>El venezolano est\u00e1 confirmado en la ceremonia del importante galard\u00f3n. Celebrar\u00e1 junto a la banda estadounidense Hoobastank el vig\u00e9simo aniversario del tema \u201cThe Reason\u201d, cuya versi\u00f3n en salsa forma parte su \u00e1lbum \u201cMetamorfosis\u201d. Jonathan Moly alista maletas para viajar a Puerto Rico y ser parte de Premios Juventud 2023. El venezolano fue anunciado este martes <\/p>\n","protected":false},"author":3,"featured_media":36071,"comment_status":"closed","ping_status":"open","sticky":false,"template":"","format":"standard","meta":{"footnotes":""},"categories":[231,230],"tags":[],"class_list":["post-36069","post","type-post","status-publish","format-standard","has-post-thumbnail","hentry","category-internacional","category-musica"],"_links":{"self":[{"href":"https:\/\/arumbear.com\/ve\/wp-json\/wp\/v2\/posts\/36069","targetHints":{"allow":["GET"]}}],"collection":[{"href":"https:\/\/arumbear.com\/ve\/wp-json\/wp\/v2\/posts"}],"about":[{"href":"https:\/\/arumbear.com\/ve\/wp-json\/wp\/v2\/types\/post"}],"author":[{"embeddable":true,"href":"https:\/\/arumbear.com\/ve\/wp-json\/wp\/v2\/users\/3"}],"replies":[{"embeddable":true,"href":"https:\/\/arumbear.com\/ve\/wp-json\/wp\/v2\/comments?post=36069"}],"version-history":[{"count":2,"href":"https:\/\/arumbear.com\/ve\/wp-json\/wp\/v2\/posts\/36069\/revisions"}],"predecessor-version":[{"id":36072,"href":"https:\/\/arumbear.com\/ve\/wp-json\/wp\/v2\/posts\/36069\/revisions\/36072"}],"wp:featuredmedia":[{"embeddable":true,"href":"https:\/\/arumbear.com\/ve\/wp-json\/wp\/v2\/media\/36071"}],"wp:attachment":[{"href":"https:\/\/arumbear.com\/ve\/wp-json\/wp\/v2\/media?parent=36069"}],"wp:term":[{"taxonomy":"category","embeddable":true,"href":"https:\/\/arumbear.com\/ve\/wp-json\/wp\/v2\/categories?post=36069"},{"taxonomy":"post_tag","embeddable":true,"href":"https:\/\/arumbear.com\/ve\/wp-json\/wp\/v2\/tags?post=36069"}],"curies":[{"name":"wp","href":"https:\/\/api.w.org\/{rel}","templated":true}]}}