{"id":38028,"date":"2023-12-08T00:35:21","date_gmt":"2023-12-08T04:35:21","guid":{"rendered":"https:\/\/arumbear.com\/ve\/?p=38028"},"modified":"2023-12-27T21:55:17","modified_gmt":"2023-12-28T01:55:17","slug":"anabella-mondi-estrena-yo-si-puedo","status":"publish","type":"post","link":"https:\/\/arumbear.com\/ve\/anabella-mondi-estrena-yo-si-puedo\/","title":{"rendered":"Anabella Mondi estrena \u00abYo si puedo\u00bb"},"content":{"rendered":"<p>A prop\u00f3sito de conmemorarse el D\u00eda Internacional de la Persona con Discapacidad, la cantautora venezolana Anabella Mondi, le regala a su p\u00fablico el tema \u201cYo s\u00ed puedo\u201d, con la intenci\u00f3n de visibilizar a esta poblaci\u00f3n, a trav\u00e9s de este nuevo sencillo que define como un canto a la capacidad infinita del Ser Humano.<\/p>\n<p>\u201cPara m\u00ed la persona sordociega es un ejemplo a seguir de superaci\u00f3n, por ello cierro este 2023, con este mensaje navide\u00f1o de fortaleza e inspiraci\u00f3n, el cual nos invita a levantarnos cada d\u00eda y ser nuestra mejor versi\u00f3n\u201d, afirma la int\u00e9rprete. Para componer este sencillo Anabella convoc\u00f3 a la comunidad de Socieven a una experiencia de Cinco Sentidos en Acci\u00f3n, entrevistando a cada persona sordociega.<\/p>\n<p>El tema fue escrito por Anabella Mondi, Guillo Lefeld y James Joubran; fue producido por Hit Central Records y Tactus Pro. El referido single forma parte del \u00e1lbum \u201cGlobal Llanera\u201d que lanzar\u00e1 la artista en 2024, donde mezcla sonidos venezolanos con otros g\u00e9neros como el pop y la electr\u00f3nica. El video \u2013que se realiz\u00f3 con el apoyo de la Alcald\u00eda de Chacao y el Centro Cultural Chacao- ya se encuentra disponible en todas las plataformas musicales y en <a href=\"https:\/\/www.instagram.com\/anabellamondi\" target=\"_blank\" rel=\"noopener\"><strong>@anabellamondi<\/strong><\/a> y <a href=\"https:\/\/www.anabellamondi.com\" target=\"_blank\" rel=\"noopener\"><strong>www.anabellamondi.com<\/strong><\/a><\/p>\n<p><iframe loading=\"lazy\" title=\"YO S\u00cd PUEDO \/\/ Anabella MONDI -inspirada en todas las personas sordociegas del mundo-\" width=\"640\" height=\"360\" src=\"https:\/\/www.youtube.com\/embed\/jXaBvQEMCmQ?feature=oembed\" frameborder=\"0\" allow=\"accelerometer; autoplay; clipboard-write; encrypted-media; gyroscope; picture-in-picture; web-share\" referrerpolicy=\"strict-origin-when-cross-origin\" allowfullscreen><\/iframe><\/p>\n<hr>\n<p><em>Prensa: Solmar Torres Rivero \/ <a href=\"https:\/\/www.instagram.com\/solmartorres\" target=\"_blank\" rel=\"noopener\">@solmartorres<\/a><\/em><\/p>\n","protected":false},"excerpt":{"rendered":"<p>A prop\u00f3sito de conmemorarse el D\u00eda Internacional de la Persona con Discapacidad, la cantautora venezolana Anabella Mondi, le regala a su p\u00fablico el tema \u201cYo s\u00ed puedo\u201d, con la intenci\u00f3n de visibilizar a esta poblaci\u00f3n, a trav\u00e9s de este nuevo sencillo que define como un canto a la capacidad infinita del Ser Humano. \u201cPara m\u00ed <\/p>\n","protected":false},"author":3,"featured_media":38030,"comment_status":"closed","ping_status":"open","sticky":false,"template":"","format":"standard","meta":{"footnotes":""},"categories":[2,230,232],"tags":[],"class_list":["post-38028","post","type-post","status-publish","format-standard","has-post-thumbnail","hentry","category-featured","category-musica","category-nacional"],"_links":{"self":[{"href":"https:\/\/arumbear.com\/ve\/wp-json\/wp\/v2\/posts\/38028","targetHints":{"allow":["GET"]}}],"collection":[{"href":"https:\/\/arumbear.com\/ve\/wp-json\/wp\/v2\/posts"}],"about":[{"href":"https:\/\/arumbear.com\/ve\/wp-json\/wp\/v2\/types\/post"}],"author":[{"embeddable":true,"href":"https:\/\/arumbear.com\/ve\/wp-json\/wp\/v2\/users\/3"}],"replies":[{"embeddable":true,"href":"https:\/\/arumbear.com\/ve\/wp-json\/wp\/v2\/comments?post=38028"}],"version-history":[{"count":3,"href":"https:\/\/arumbear.com\/ve\/wp-json\/wp\/v2\/posts\/38028\/revisions"}],"predecessor-version":[{"id":38032,"href":"https:\/\/arumbear.com\/ve\/wp-json\/wp\/v2\/posts\/38028\/revisions\/38032"}],"wp:featuredmedia":[{"embeddable":true,"href":"https:\/\/arumbear.com\/ve\/wp-json\/wp\/v2\/media\/38030"}],"wp:attachment":[{"href":"https:\/\/arumbear.com\/ve\/wp-json\/wp\/v2\/media?parent=38028"}],"wp:term":[{"taxonomy":"category","embeddable":true,"href":"https:\/\/arumbear.com\/ve\/wp-json\/wp\/v2\/categories?post=38028"},{"taxonomy":"post_tag","embeddable":true,"href":"https:\/\/arumbear.com\/ve\/wp-json\/wp\/v2\/tags?post=38028"}],"curies":[{"name":"wp","href":"https:\/\/api.w.org\/{rel}","templated":true}]}}