{"id":38116,"date":"2023-12-20T01:16:57","date_gmt":"2023-12-20T05:16:57","guid":{"rendered":"https:\/\/arumbear.com\/ve\/?p=38116"},"modified":"2024-01-21T23:49:25","modified_gmt":"2024-01-22T03:49:25","slug":"afro-criollo-y-juan-miguel-se-unen-para-darle-un-regalo-a-la-familia-venezolana","status":"publish","type":"post","link":"https:\/\/arumbear.com\/ve\/afro-criollo-y-juan-miguel-se-unen-para-darle-un-regalo-a-la-familia-venezolana\/","title":{"rendered":"Afro Criollo y Juan Miguel se unen para darle un regalo a la familia venezolana"},"content":{"rendered":"<p><strong><em>La exitosa agrupaci\u00f3n cierra el 2023 con un mix de gaitas en el que, una vez m\u00e1s, plasma su caracter\u00edstica propuesta musical para encender las celebraciones navide\u00f1as<\/em><\/strong><\/p>\n<p>Fueron una de las agrupaciones con m\u00e1s presentaciones este 2023 y, sin duda, una de las favoritas del p\u00fablico; aceptaci\u00f3n y cari\u00f1o que se han ganado con constancia, disciplina, arduo trabajo y, por supuesto, buena m\u00fasica.<\/p>\n<p>Al respecto, Alfredo Rojas (<a href=\"https:\/\/www.instagram.com\/alfredoelcriollo\" target=\"_blank\" rel=\"noopener\"><strong>@alfredoelcriollo<\/strong><\/a>), l\u00edder y voz principal de Afro Criollo (<a href=\"https:\/\/www.instagram.com\/afrocriollovzla\" target=\"_blank\" rel=\"noopener\"><strong>@afrocriollovzla<\/strong><\/a>), asegura que \u201cnuestra fanaticada ha sido un pilar fundamental para nosotros, siempre buscamos trabajar en base a lo que cada uno de ellos nos piden para poder satisfacerlos a todo. A\u00fan queda mucho camino por recorrer\u201d.&nbsp;<\/p>\n<p>Para premiar esa fidelidad, la exitosa agrupaci\u00f3n cierra el a\u00f1o con un mix de gaitas en el que, una vez m\u00e1s, plasma su caracter\u00edstica propuesta musical para encender las celebraciones navide\u00f1as y, adem\u00e1s, es en colaboraci\u00f3n con Juan Miguel. \u201cSiempre hemos hablado para hacer algo junto a Juan Miguel, y qu\u00e9 mejor manera que hacer un regalo de Navidad para toda la familia venezolana\u201d, agrega.&nbsp;<\/p>\n<p>Por su parte, Juan Miguel (<a href=\"https:\/\/www.instagram.com\/juanmiguelmusic\" target=\"_blank\" rel=\"noopener\"><strong>@juanmiguelmusic<\/strong><\/a>) comenta que \u201cesta uni\u00f3n con Afro Criollo se dio de una manera natural. Siempre deseamos hacer algo juntos y estoy muy, muy encantado de participar en este tema, siempre quise cantar temas cl\u00e1sicos de la gaita tal cual como los cantar\u00eda y, esta vez, se logr\u00f3 fusionar con la voz de Alfredo y la magia de todo el grupo\u201d. Sin embargo, agreg\u00f3 que \u201cseguramente se dar\u00e1 un tema in\u00e9dito entre nosotros, creo que es una deuda que nos tenemos desde hace mucho tiempo y creo que para el 2024 ser\u00eda perfecto hacerlo\u201d.<\/p>\n<p><img loading=\"lazy\" decoding=\"async\" class=\"size-full wp-image-38119 aligncenter\" src=\"https:\/\/arumbear.com\/ve\/wp-content\/uploads\/2023\/12\/criollo02web.jpg\" alt=\"\" width=\"700\" height=\"400\" srcset=\"https:\/\/arumbear.com\/ve\/wp-content\/uploads\/2023\/12\/criollo02web.jpg 700w, https:\/\/arumbear.com\/ve\/wp-content\/uploads\/2023\/12\/criollo02web-300x171.jpg 300w, https:\/\/arumbear.com\/ve\/wp-content\/uploads\/2023\/12\/criollo02web-696x398.jpg 696w\" sizes=\"auto, (max-width: 700px) 100vw, 700px\" \/><\/p>\n<p>El material audiovisual lo dirigi\u00f3 Edixon Ochoa (<a href=\"https:\/\/www.instagram.com\/edixon8a\" target=\"_blank\" rel=\"noopener\"><strong>@edixon8a<\/strong><\/a>), videoclip que, seg\u00fan Rojas, \u201chicimos con mucho cari\u00f1o y dedicaci\u00f3n para toda la familia venezolana, para disfrutarlo en todo momento y tener presente parte de nuestra cultura\u201d.&nbsp;<\/p>\n<p>Afro Criollo estren\u00f3 el pasado mes de noviembre su segundo tema in\u00e9dito, \u201cCantinero\u201d, single que, adem\u00e1s de tener mucha receptividad, abre el camino de todo lo que trae la agrupaci\u00f3n para el 2024.<\/p>\n<p>\u201cEl pr\u00f3ximo a\u00f1o, sin duda, seguir\u00e1 siendo un a\u00f1o de muchos retos, nuevas cosas. Los invito a mantenerse informados a trav\u00e9s de nuestras redes oficiales para que puedan estar pendientes de todas las buenas noticias que les estaremos dando\u201d, finaliz\u00f3 Alfredo.<\/p>\n<p><strong>Para estar al d\u00eda con todos los proyectos y contenido de la agrupaci\u00f3n, no duden en seguirla a trav\u00e9s de sus redes sociales como <a href=\"https:\/\/www.instagram.com\/alfredoelcriollo\" target=\"_blank\" rel=\"noopener\">@alfredoelcriollo<\/a> y <a href=\"https:\/\/www.instagram.com\/afrocriollovzla\" target=\"_blank\" rel=\"noopener\">@afrocriollovzla<\/a><\/strong><\/p>\n<p><iframe loading=\"lazy\" title=\"Afro Criollo - Gaitas Venezolanas Ft Juan Miguel - La Promesa, Dime Chinita, Sin Rencor, La Elegida.\" width=\"640\" height=\"360\" src=\"https:\/\/www.youtube.com\/embed\/NC6_GjRgWwI?feature=oembed\" frameborder=\"0\" allow=\"accelerometer; autoplay; clipboard-write; encrypted-media; gyroscope; picture-in-picture; web-share\" referrerpolicy=\"strict-origin-when-cross-origin\" allowfullscreen><\/iframe><\/p>\n<hr>\n<p><em>Prensa: Gisel\u00ed Elie Alsina \/ <a href=\"https:\/\/www.instagram.com\/bygiselielie\" target=\"_blank\" rel=\"noopener\">@ByGiseliElie<\/a><\/em><\/p>\n","protected":false},"excerpt":{"rendered":"<p>La exitosa agrupaci\u00f3n cierra el 2023 con un mix de gaitas en el que, una vez m\u00e1s, plasma su caracter\u00edstica propuesta musical para encender las celebraciones navide\u00f1as Fueron una de las agrupaciones con m\u00e1s presentaciones este 2023 y, sin duda, una de las favoritas del p\u00fablico; aceptaci\u00f3n y cari\u00f1o que se han ganado con constancia, <\/p>\n","protected":false},"author":3,"featured_media":38118,"comment_status":"closed","ping_status":"open","sticky":false,"template":"","format":"standard","meta":{"footnotes":""},"categories":[2,230,232],"tags":[],"class_list":["post-38116","post","type-post","status-publish","format-standard","has-post-thumbnail","hentry","category-featured","category-musica","category-nacional"],"_links":{"self":[{"href":"https:\/\/arumbear.com\/ve\/wp-json\/wp\/v2\/posts\/38116","targetHints":{"allow":["GET"]}}],"collection":[{"href":"https:\/\/arumbear.com\/ve\/wp-json\/wp\/v2\/posts"}],"about":[{"href":"https:\/\/arumbear.com\/ve\/wp-json\/wp\/v2\/types\/post"}],"author":[{"embeddable":true,"href":"https:\/\/arumbear.com\/ve\/wp-json\/wp\/v2\/users\/3"}],"replies":[{"embeddable":true,"href":"https:\/\/arumbear.com\/ve\/wp-json\/wp\/v2\/comments?post=38116"}],"version-history":[{"count":2,"href":"https:\/\/arumbear.com\/ve\/wp-json\/wp\/v2\/posts\/38116\/revisions"}],"predecessor-version":[{"id":38120,"href":"https:\/\/arumbear.com\/ve\/wp-json\/wp\/v2\/posts\/38116\/revisions\/38120"}],"wp:featuredmedia":[{"embeddable":true,"href":"https:\/\/arumbear.com\/ve\/wp-json\/wp\/v2\/media\/38118"}],"wp:attachment":[{"href":"https:\/\/arumbear.com\/ve\/wp-json\/wp\/v2\/media?parent=38116"}],"wp:term":[{"taxonomy":"category","embeddable":true,"href":"https:\/\/arumbear.com\/ve\/wp-json\/wp\/v2\/categories?post=38116"},{"taxonomy":"post_tag","embeddable":true,"href":"https:\/\/arumbear.com\/ve\/wp-json\/wp\/v2\/tags?post=38116"}],"curies":[{"name":"wp","href":"https:\/\/api.w.org\/{rel}","templated":true}]}}