{"id":38122,"date":"2023-12-27T16:48:34","date_gmt":"2023-12-27T20:48:34","guid":{"rendered":"https:\/\/arumbear.com\/ve\/?p=38122"},"modified":"2024-01-21T23:49:42","modified_gmt":"2024-01-22T03:49:42","slug":"bryan-venz-internacionaliza-su-carrera-con-chap1","status":"publish","type":"post","link":"https:\/\/arumbear.com\/ve\/bryan-venz-internacionaliza-su-carrera-con-chap1\/","title":{"rendered":"Bryan Venz internacionaliza su carrera con \u201cChap1\u201d"},"content":{"rendered":"<p><strong><em>Mostrando su versatilidad musical, el artista estrena su m\u00e1s reciente sencillo promocional, esta vez desde Espa\u00f1a<\/em><\/strong><\/p>\n<p>Bryan Venz (<a href=\"https:\/\/www.instagram.com\/bryanvenz\" target=\"_blank\" rel=\"noopener\"><strong>@bryanvenz<\/strong><\/a>) cierra su 2023 con buenas noticias, y es que el artista venezolano le apuesta a la internacionalizaci\u00f3n de su carrera estrenando el single \u201cChap1\u201d desde Madrid, Espa\u00f1a.<\/p>\n<p>\u201cEste ha sido un buen a\u00f1o para m\u00ed y mi equipo, ya que nuestras canciones han tenido m\u00e1s alcance y receptividad en el p\u00fablico que los a\u00f1os anteriores. Tengo la oportunidad de estar aqu\u00ed en Madrid gracias a mi m\u00fasica y qu\u00e9 mejor regalo que una canci\u00f3n que te de buena vibra\u201d, cuenta el int\u00e9rprete.<\/p>\n<p>Este nuevo sencillo promocional muestra la versatilidad del artista, pues es una propuesta musical totalmente diferente a su single anterior, \u201cFinde\u201d.<\/p>\n<p><img loading=\"lazy\" decoding=\"async\" class=\"size-full wp-image-38125 aligncenter\" src=\"https:\/\/arumbear.com\/ve\/wp-content\/uploads\/2023\/12\/venz02web.jpg\" alt=\"\" width=\"700\" height=\"400\" srcset=\"https:\/\/arumbear.com\/ve\/wp-content\/uploads\/2023\/12\/venz02web.jpg 700w, https:\/\/arumbear.com\/ve\/wp-content\/uploads\/2023\/12\/venz02web-300x171.jpg 300w, https:\/\/arumbear.com\/ve\/wp-content\/uploads\/2023\/12\/venz02web-696x398.jpg 696w\" sizes=\"auto, (max-width: 700px) 100vw, 700px\" \/><\/p>\n<p>\u201cMe encanta hacer sonidos diferentes y fusionar g\u00e9neros, aqu\u00ed nos atrevimos a hacer algo muy particular y distinto a lo que venimos haciendo. \u2018Chap1\u2019 es una canci\u00f3n para pasarla bien, rumbear y escucharla donde quieras y cuando quieras, transmite felicidad y ganas de bailar. Yo creo que eso es lo que nos distingue como venezolanos y quer\u00eda darle ese toque caribe\u00f1o que me caracteriza\u201d, agrega Bryan.<\/p>\n<p>\u201cChap1\u201d, escrito por el propio int\u00e9rprete junto a Okaa y producido por Nice Kid, cuenta con un material audiovisual dirigido por Jaen y filmado entre Caracas y Madrid. \u201cEs el primer videoclip que grabo fuera de mi pa\u00eds con tomas en Venezuela y Espa\u00f1a. Es algo muy street lleno de momentos personales mientras conozco esta bella ciudad\u201d.<\/p>\n<p>Ahora, Bryan Venz abre paso a la internacionalizaci\u00f3n de su carrera musical no solo con este nuevo sencillo promocional, sino con presentaciones que ya ha tenido en la madre patria. \u201cSinceramente, no me queda m\u00e1s que decir gracias de coraz\u00f3n por el cari\u00f1o y el buen trato que me han dado aqu\u00ed, ha sido incre\u00edble el apoyo hacia un artista nuevo, y ver c\u00f3mo se disfrutan mis temas como si fuera un artista de aqu\u00ed, es algo que me llevo conmigo\u201d.<br \/>\n&nbsp;<br \/>\n<strong>Para conocer m\u00e1s del artista y sus proyectos, no duden en seguirlo a trav\u00e9s de sus redes sociales como <a href=\"https:\/\/www.instagram.com\/bryanvenz\" target=\"_blank\" rel=\"noopener\">@bryanvenz<\/a><\/strong><\/p>\n<p><iframe loading=\"lazy\" title=\"Bryan venz - CHAP1 (Visualizer)\" width=\"640\" height=\"480\" src=\"https:\/\/www.youtube.com\/embed\/F6tO0Drg-bI?feature=oembed\" frameborder=\"0\" allow=\"accelerometer; autoplay; clipboard-write; encrypted-media; gyroscope; picture-in-picture; web-share\" referrerpolicy=\"strict-origin-when-cross-origin\" allowfullscreen><\/iframe><\/p>\n<hr>\n<p><em>Prensa: Gisel\u00ed Elie Alsina \/ <a href=\"https:\/\/www.instagram.com\/bygiselielie\" target=\"_blank\" rel=\"noopener\">@ByGiseliElie<\/a><\/em><\/p>\n","protected":false},"excerpt":{"rendered":"<p>Mostrando su versatilidad musical, el artista estrena su m\u00e1s reciente sencillo promocional, esta vez desde Espa\u00f1a Bryan Venz (@bryanvenz) cierra su 2023 con buenas noticias, y es que el artista venezolano le apuesta a la internacionalizaci\u00f3n de su carrera estrenando el single \u201cChap1\u201d desde Madrid, Espa\u00f1a. \u201cEste ha sido un buen a\u00f1o para m\u00ed y <\/p>\n","protected":false},"author":3,"featured_media":38124,"comment_status":"closed","ping_status":"open","sticky":false,"template":"","format":"standard","meta":{"footnotes":""},"categories":[2,231,230],"tags":[],"class_list":["post-38122","post","type-post","status-publish","format-standard","has-post-thumbnail","hentry","category-featured","category-internacional","category-musica"],"_links":{"self":[{"href":"https:\/\/arumbear.com\/ve\/wp-json\/wp\/v2\/posts\/38122","targetHints":{"allow":["GET"]}}],"collection":[{"href":"https:\/\/arumbear.com\/ve\/wp-json\/wp\/v2\/posts"}],"about":[{"href":"https:\/\/arumbear.com\/ve\/wp-json\/wp\/v2\/types\/post"}],"author":[{"embeddable":true,"href":"https:\/\/arumbear.com\/ve\/wp-json\/wp\/v2\/users\/3"}],"replies":[{"embeddable":true,"href":"https:\/\/arumbear.com\/ve\/wp-json\/wp\/v2\/comments?post=38122"}],"version-history":[{"count":2,"href":"https:\/\/arumbear.com\/ve\/wp-json\/wp\/v2\/posts\/38122\/revisions"}],"predecessor-version":[{"id":38126,"href":"https:\/\/arumbear.com\/ve\/wp-json\/wp\/v2\/posts\/38122\/revisions\/38126"}],"wp:featuredmedia":[{"embeddable":true,"href":"https:\/\/arumbear.com\/ve\/wp-json\/wp\/v2\/media\/38124"}],"wp:attachment":[{"href":"https:\/\/arumbear.com\/ve\/wp-json\/wp\/v2\/media?parent=38122"}],"wp:term":[{"taxonomy":"category","embeddable":true,"href":"https:\/\/arumbear.com\/ve\/wp-json\/wp\/v2\/categories?post=38122"},{"taxonomy":"post_tag","embeddable":true,"href":"https:\/\/arumbear.com\/ve\/wp-json\/wp\/v2\/tags?post=38122"}],"curies":[{"name":"wp","href":"https:\/\/api.w.org\/{rel}","templated":true}]}}