{"id":38674,"date":"2024-02-29T00:20:51","date_gmt":"2024-02-29T04:20:51","guid":{"rendered":"https:\/\/arumbear.com\/ve\/?p=38674"},"modified":"2024-03-20T00:00:25","modified_gmt":"2024-03-20T04:00:25","slug":"disco-de-zapato3-en-el-teresa-carreno-llega-a-las-plataformas-digitales","status":"publish","type":"post","link":"https:\/\/arumbear.com\/ve\/disco-de-zapato3-en-el-teresa-carreno-llega-a-las-plataformas-digitales\/","title":{"rendered":"Disco de Zapato3 en el Teresa Carre\u00f1o llega a las plataformas digitales"},"content":{"rendered":"<p><strong><em>Se podr\u00e1 disfrutar desde cualquier parte del mundo el concierto realizado en la sala R\u00edos Reyna el 23 de julio de 2023<\/em><\/strong>, con el que los seguidores tienen la oportunidad de revivir el momento con el registro de audio plasmado en un disco digital.<\/p>\n<p>El esperado disco Zapato3 2023 grabado en vivo en el el Teatro Teresa Carre\u00f1o como parte del tour Requiem para un Zapato, estar\u00e1 disponible a partir de este 29 de febrero 2024 en todas la plataformas digitales. donde los seguidores podr\u00e1n disfrutar de 19 temas en vivo grabados en uno de los teatros m\u00e1s importantes y emblem\u00e1ticos de Latinoam\u00e9rica el 23 julio de 2023 en este inolvidable concierto a casa llena en la imponente sala R\u00edos Reyna del majestuoso Complejo Cultural.<\/p>\n<figure id=\"attachment_38678\" aria-describedby=\"caption-attachment-38678\" style=\"width: 700px\" class=\"wp-caption aligncenter\"><img loading=\"lazy\" decoding=\"async\" class=\"size-full wp-image-38678\" src=\"https:\/\/arumbear.com\/ve\/wp-content\/uploads\/2024\/02\/zapato02web.jpg\" alt=\"\" width=\"700\" height=\"400\" srcset=\"https:\/\/arumbear.com\/ve\/wp-content\/uploads\/2024\/02\/zapato02web.jpg 700w, https:\/\/arumbear.com\/ve\/wp-content\/uploads\/2024\/02\/zapato02web-300x171.jpg 300w, https:\/\/arumbear.com\/ve\/wp-content\/uploads\/2024\/02\/zapato02web-696x398.jpg 696w\" sizes=\"auto, (max-width: 700px) 100vw, 700px\" \/><figcaption id=\"caption-attachment-38678\" class=\"wp-caption-text\">Foto: Luis Soles<\/figcaption><\/figure>\n<p>Zapato3 2023, que cont\u00f3 con postproducci\u00f3n entre Estados Unidos, ,Argentina, y Venezuela bajo la direcci\u00f3n de Dario Adames con mezcla del laureado multiganador de Grammys Iker Gastaminza, es el s\u00e9ptimo \u00e1lbum de la agrupaci\u00f3n, y primero lanzado en formato digital, luego de cinco grabaciones en estudio: Amor, furia y languidez (1989), B\u00e9same y suic\u00eddate (1991), Separaci\u00f3n (1993), C\u00e1psula para volar (1995), Ecos punzantes del ayer (1999), y su primera placa en vivo, La \u00faltima cruzada (2014).<\/p>\n<p>Este nuevo \u00e1lbum en concierto en el Teresa Carre\u00f1o arriba una d\u00e9cada despu\u00e9s de aquella cruzada, adem\u00e1s de contar con algunos de los temas m\u00e1s conocidos de la banda como Entrada de bala y Amor de hierro en versiones completas. Tambi\u00e9n incluye los m\u00e1s recientes como Amaranto y el \u00faltimo tema grabado y producido por Diego M\u00e1rquez, Elefantes Marinos, todo esto disponible a partir del 29 de febrero de 2024 en todas las plataformas digitales.<\/p>\n<p>El Requiem para un Zapato fue creado como homenaje art\u00edstico a la vida y obra de Diego M\u00e1rquez, baterista original de la banda y figura clave en la escena musical venezolana. El tour, catalogado como acontecimiento ic\u00f3nico en la historia de la agrupaci\u00f3n, se desarroll\u00f3 entre los a\u00f1os 2022 y 2023, con una veintena de presentaciones entre Europa, Norte y Sur Am\u00e9rica, acumulando sold out en un exitoso periplo que la llev\u00f3 a recorrer ciudades como Nueva York, Houston. Orlando, Buenos Aires, Santiago de Chile, Barcelona, Madrid, Barquisimeto y Caracas.<\/p>\n<figure id=\"attachment_38679\" aria-describedby=\"caption-attachment-38679\" style=\"width: 700px\" class=\"wp-caption aligncenter\"><img loading=\"lazy\" decoding=\"async\" class=\"size-full wp-image-38679\" src=\"https:\/\/arumbear.com\/ve\/wp-content\/uploads\/2024\/02\/zapato03web.jpg\" alt=\"\" width=\"700\" height=\"344\" srcset=\"https:\/\/arumbear.com\/ve\/wp-content\/uploads\/2024\/02\/zapato03web.jpg 700w, https:\/\/arumbear.com\/ve\/wp-content\/uploads\/2024\/02\/zapato03web-300x147.jpg 300w, https:\/\/arumbear.com\/ve\/wp-content\/uploads\/2024\/02\/zapato03web-324x160.jpg 324w, https:\/\/arumbear.com\/ve\/wp-content\/uploads\/2024\/02\/zapato03web-533x261.jpg 533w, https:\/\/arumbear.com\/ve\/wp-content\/uploads\/2024\/02\/zapato03web-696x342.jpg 696w\" sizes=\"auto, (max-width: 700px) 100vw, 700px\" \/><figcaption id=\"caption-attachment-38679\" class=\"wp-caption-text\">Foto: Ra\u00fal Corredor<\/figcaption><\/figure>\n<p>Sus presentaciones en distintas localidades captaron la atenci\u00f3n de propios y extra\u00f1os, donde no dejaron indiferentes a instituciones como la ciudad del Doral en Florida Estados Unidos, en la que sus autoridades le otorgaron a Zapato3 un reconocimiento especial por su trayectoria, y aporte a la m\u00fasica de Latinoam\u00e9rica. Igualmente, en medio de esta singular gira, en la capital venezolana recibieron tambi\u00e9n las llaves del municipio Baruta .<\/p>\n<p>La invitaci\u00f3n es a disfrutar en las plataformas digitales del disco Zapato3 2023 grabado en vivo en el Teatro Teresa Carre\u00f1o, con producci\u00f3n de Dario Adames, Mezcla de Iker Gastaminza, Dise\u00f1o de Arte de Fernando Batoni y promoci\u00f3n de \u00c1lvaro Ruiz para m\u00e1s informaci\u00f3n en zapato3.com en IG @zapato3<\/p>\n<p><strong>Ficha t\u00e9cnica:<br \/>\n<\/strong>Team Crew Zapato3 Concierto en el Teresa Carre\u00f1o y Tour Requiem: Bajo: Fernando Batoni, Voz: Carlos Segura, Teclados y Secuencias: Jaime Verdaguer, Guitarras: Alvaro Segura, Bater\u00eda: Dario Adames, Dise\u00f1o y efectos visuales: N\u00e9stor Villasmil, Iluminaci\u00f3n: Valentina S\u00e1nchez, Ingeniero de audio de sala: Claudio Atilano, Ingeniero de monitores: Luis Rivas, Direcci\u00f3n T\u00e9cnica y Montaje: Marcos Burgos, T\u00e9cnico de tarima: Fernando Acevedo (Melchor), Jefe de Seguridad: Howard Chirinos, Personal Manager: Leymar Garc\u00eda, Tour manager: V\u00edctor M\u00e9ndez, Video: Luis Soles, Promoci\u00f3n y Relaciones P\u00fablicas: \u00c1lvaro Jes\u00fas Ru\u00edz.<\/p>\n<figure id=\"attachment_38680\" aria-describedby=\"caption-attachment-38680\" style=\"width: 700px\" class=\"wp-caption aligncenter\"><img loading=\"lazy\" decoding=\"async\" class=\"size-full wp-image-38680\" src=\"https:\/\/arumbear.com\/ve\/wp-content\/uploads\/2024\/02\/zapato04web.jpg\" alt=\"\" width=\"700\" height=\"400\" srcset=\"https:\/\/arumbear.com\/ve\/wp-content\/uploads\/2024\/02\/zapato04web.jpg 700w, https:\/\/arumbear.com\/ve\/wp-content\/uploads\/2024\/02\/zapato04web-300x171.jpg 300w, https:\/\/arumbear.com\/ve\/wp-content\/uploads\/2024\/02\/zapato04web-696x398.jpg 696w\" sizes=\"auto, (max-width: 700px) 100vw, 700px\" \/><figcaption id=\"caption-attachment-38680\" class=\"wp-caption-text\">Foto: Luis Soles<\/figcaption><\/figure>\n<p><strong>Disco en vivo:<\/strong> Producci\u00f3n General: Zapato3: Producci\u00f3n Ejecutiva: Carlos Segura y Dar\u00edo Adames, Supervisi\u00f3n y Producci\u00f3n General: Dar\u00edo Adames, Direcci\u00f3n musical en vivo Jaime Verdaguer, Mezcla: Iker Gastaminza, Post Producci\u00f3n en los estudios Ike\u2019s Garage, Bigup Records Club, Movemotion Studios, de la Jungla Studios, M\u00e1ster: Hern\u00e1n Asconiga, Re-amping: Alejandro Garc\u00eda, Promoci\u00f3n \u00c1lvaro Jes\u00fas Ru\u00edz, Dise\u00f1o Gr\u00e1fico y Dise\u00f1o de arte: Fernando Batoni.<\/p>\n<hr>\n<p><em>Prensa: \u00c1lvaro Jes\u00fas Ruiz \/ <a href=\"https:\/\/www.instagram.com\/alvarojesusruiz\" target=\"_blank\" rel=\"noopener\">@alvarojesusruiz<\/a><\/em><\/p>\n","protected":false},"excerpt":{"rendered":"<p>Se podr\u00e1 disfrutar desde cualquier parte del mundo el concierto realizado en la sala R\u00edos Reyna el 23 de julio de 2023, con el que los seguidores tienen la oportunidad de revivir el momento con el registro de audio plasmado en un disco digital. El esperado disco Zapato3 2023 grabado en vivo en el el <\/p>\n","protected":false},"author":3,"featured_media":38677,"comment_status":"closed","ping_status":"open","sticky":false,"template":"","format":"standard","meta":{"footnotes":""},"categories":[2,231,230],"tags":[],"class_list":["post-38674","post","type-post","status-publish","format-standard","has-post-thumbnail","hentry","category-featured","category-internacional","category-musica"],"_links":{"self":[{"href":"https:\/\/arumbear.com\/ve\/wp-json\/wp\/v2\/posts\/38674","targetHints":{"allow":["GET"]}}],"collection":[{"href":"https:\/\/arumbear.com\/ve\/wp-json\/wp\/v2\/posts"}],"about":[{"href":"https:\/\/arumbear.com\/ve\/wp-json\/wp\/v2\/types\/post"}],"author":[{"embeddable":true,"href":"https:\/\/arumbear.com\/ve\/wp-json\/wp\/v2\/users\/3"}],"replies":[{"embeddable":true,"href":"https:\/\/arumbear.com\/ve\/wp-json\/wp\/v2\/comments?post=38674"}],"version-history":[{"count":3,"href":"https:\/\/arumbear.com\/ve\/wp-json\/wp\/v2\/posts\/38674\/revisions"}],"predecessor-version":[{"id":38681,"href":"https:\/\/arumbear.com\/ve\/wp-json\/wp\/v2\/posts\/38674\/revisions\/38681"}],"wp:featuredmedia":[{"embeddable":true,"href":"https:\/\/arumbear.com\/ve\/wp-json\/wp\/v2\/media\/38677"}],"wp:attachment":[{"href":"https:\/\/arumbear.com\/ve\/wp-json\/wp\/v2\/media?parent=38674"}],"wp:term":[{"taxonomy":"category","embeddable":true,"href":"https:\/\/arumbear.com\/ve\/wp-json\/wp\/v2\/categories?post=38674"},{"taxonomy":"post_tag","embeddable":true,"href":"https:\/\/arumbear.com\/ve\/wp-json\/wp\/v2\/tags?post=38674"}],"curies":[{"name":"wp","href":"https:\/\/api.w.org\/{rel}","templated":true}]}}