{"id":38706,"date":"2024-03-05T19:39:37","date_gmt":"2024-03-05T23:39:37","guid":{"rendered":"https:\/\/arumbear.com\/ve\/?p=38706"},"modified":"2024-03-21T21:43:59","modified_gmt":"2024-03-22T01:43:59","slug":"jose-david-inicia-el-2024-con-23","status":"publish","type":"post","link":"https:\/\/arumbear.com\/ve\/jose-david-inicia-el-2024-con-23\/","title":{"rendered":"Jos\u00e9 David inicia el 2024 con \u201c23\u201d"},"content":{"rendered":"<p><strong><em>El talentoso cantautor vuelve a hacer gala de su innegable calidad vocal con su m\u00e1s reciente sencillo promocional, el cual marca el inicio de todo lo que traer\u00e1 para este a\u00f1o<\/em><\/strong><\/p>\n<p>Su rostro no es desconocido dentro de la industria musical venezolana, ya que tiene varios a\u00f1os haciendo vida en ella. Luego de formar parte de la reconocida agrupaci\u00f3n Treo (la \u00faltima generaci\u00f3n), hoy Jos\u00e9 David (<a href=\"https:\/\/www.instagram.com\/josedavihd\" target=\"_blank\" rel=\"noopener\"><strong>@josedavihd<\/strong><\/a>) se abre su propio camino como solista.<\/p>\n<p><img loading=\"lazy\" decoding=\"async\" class=\"alignright size-full wp-image-38710\" src=\"https:\/\/arumbear.com\/ve\/wp-content\/uploads\/2024\/03\/josedavid03web.jpg\" alt=\"\" width=\"350\" height=\"325\" srcset=\"https:\/\/arumbear.com\/ve\/wp-content\/uploads\/2024\/03\/josedavid03web.jpg 350w, https:\/\/arumbear.com\/ve\/wp-content\/uploads\/2024\/03\/josedavid03web-300x279.jpg 300w\" sizes=\"auto, (max-width: 350px) 100vw, 350px\" \/><\/p>\n<p>El 2023 lo cerr\u00f3 con \u201cAtascado\u201d, una balada que llega directamente al coraz\u00f3n de todo el que la escucha, y este 2024 promete darle muchas satisfacciones al int\u00e9rprete pues lo inicia con \u201c23\u201d, sencillo en el que el talentoso cantautor vuelve a hacer gala de su innegable calidad vocal, marcando el inicio de todo lo que traer\u00e1 para este a\u00f1o.<\/p>\n<p>\u201cComo su nombre lo dice, lo escrib\u00ed cuando ten\u00eda 23 a\u00f1os y es un tema sencillo pero con un mensaje claro, f\u00e1cil de digerir y con una melod\u00eda pegajosa, es de los temas que me hacen sentir que muchos se podr\u00e1n identificar\u201d, comenta Jos\u00e9 David.<\/p>\n<p>\u201c23\u201d -escrito por el propio int\u00e9rprete y producido por Miguel Giambalvo y Ricardo Ram\u00edrez- es el segundo single que se desprende de su primer EP como solista. Al respecto cuenta que \u201ceste es un tema con el que me conecto mucho, y de mis melod\u00edas favoritas cuando hablo de mis temas\u201d. Y es que, en \u00e9l, al igual que en todas sus canciones, se ve reflejado su ADN art\u00edstico, ese que lo ha hecho resaltar en la industria musical.<\/p>\n<p>Adem\u00e1s, este sencillo viene acompa\u00f1ado de un material audiovisual dirigido por Miguel Tejada, que se convierte en su complemento perfecto. \u201cEs un visualizer que muestra una recopilaci\u00f3n de momentos del d\u00eda que grabamos el \u2018live session\u2019, material que saldr\u00e1 muy pronto\u201d.<\/p>\n<p><img loading=\"lazy\" decoding=\"async\" class=\"size-full wp-image-38709 alignleft\" src=\"https:\/\/arumbear.com\/ve\/wp-content\/uploads\/2024\/03\/josedavid02web.jpg\" alt=\"\" width=\"350\" height=\"622\" srcset=\"https:\/\/arumbear.com\/ve\/wp-content\/uploads\/2024\/03\/josedavid02web.jpg 350w, https:\/\/arumbear.com\/ve\/wp-content\/uploads\/2024\/03\/josedavid02web-169x300.jpg 169w, https:\/\/arumbear.com\/ve\/wp-content\/uploads\/2024\/03\/josedavid02web-236x420.jpg 236w\" sizes=\"auto, (max-width: 350px) 100vw, 350px\" \/><\/p>\n<p>Esta nueva direcci\u00f3n que toma Jos\u00e9 David con su carrera tiene la fiel y clara intenci\u00f3n de brindarle al p\u00fablico algo diferente, con la que muchos puedan sentirse identificados y conectar a un nivel m\u00e1s profundo. Para ello, regresa a su esencia: EL R&amp;B, el g\u00e9nero musical que se le da de manera natural y org\u00e1nica, en consecuencia, las expectativas est\u00e1n bien presentes.<\/p>\n<p>\u201cSiento que, aunque es un tema sencillo y con una duraci\u00f3n no tan larga, creo que muchos se podr\u00e1n sentir identificados\u201d, agrega.<\/p>\n<p>Y aunque esta es la primera canci\u00f3n del 2024, Jos\u00e9 David est\u00e1 preparando todo lo que traer\u00e1 para el resto del a\u00f1o adelantando que \u201cmis planes son hacer m\u00fasica, ya trabajando en el pr\u00f3ximo material y esperando poder mostr\u00e1rselo al p\u00fablico cuanto antes\u201d, finaliza.<\/p>\n<p><strong>Para estar al d\u00eda con todos los proyectos y contenido del artista, no duden en seguirlo a trav\u00e9s de sus redes sociales como <a href=\"https:\/\/www.instagram.com\/josedavihd\" target=\"_blank\" rel=\"noopener\">@josedavihd<\/a><\/strong><\/p>\n<p><iframe loading=\"lazy\" title=\"Jose David - &quot;23&quot; (Visualizer)\" width=\"640\" height=\"360\" src=\"https:\/\/www.youtube.com\/embed\/DAa-l4wgRF4?feature=oembed\" frameborder=\"0\" allow=\"accelerometer; autoplay; clipboard-write; encrypted-media; gyroscope; picture-in-picture; web-share\" referrerpolicy=\"strict-origin-when-cross-origin\" allowfullscreen><\/iframe><\/p>\n<hr>\n<p><em>Prensa: Gisel\u00ed Elie Alsina \/ <a href=\"https:\/\/www.instagram.com\/bygiselielie\" target=\"_blank\" rel=\"noopener\">@ByGiseliElie<\/a><\/em><\/p>\n","protected":false},"excerpt":{"rendered":"<p>El talentoso cantautor vuelve a hacer gala de su innegable calidad vocal con su m\u00e1s reciente sencillo promocional, el cual marca el inicio de todo lo que traer\u00e1 para este a\u00f1o Su rostro no es desconocido dentro de la industria musical venezolana, ya que tiene varios a\u00f1os haciendo vida en ella. Luego de formar parte <\/p>\n","protected":false},"author":3,"featured_media":38708,"comment_status":"closed","ping_status":"open","sticky":false,"template":"","format":"standard","meta":{"footnotes":""},"categories":[2,230,232],"tags":[],"class_list":["post-38706","post","type-post","status-publish","format-standard","has-post-thumbnail","hentry","category-featured","category-musica","category-nacional"],"_links":{"self":[{"href":"https:\/\/arumbear.com\/ve\/wp-json\/wp\/v2\/posts\/38706","targetHints":{"allow":["GET"]}}],"collection":[{"href":"https:\/\/arumbear.com\/ve\/wp-json\/wp\/v2\/posts"}],"about":[{"href":"https:\/\/arumbear.com\/ve\/wp-json\/wp\/v2\/types\/post"}],"author":[{"embeddable":true,"href":"https:\/\/arumbear.com\/ve\/wp-json\/wp\/v2\/users\/3"}],"replies":[{"embeddable":true,"href":"https:\/\/arumbear.com\/ve\/wp-json\/wp\/v2\/comments?post=38706"}],"version-history":[{"count":2,"href":"https:\/\/arumbear.com\/ve\/wp-json\/wp\/v2\/posts\/38706\/revisions"}],"predecessor-version":[{"id":38711,"href":"https:\/\/arumbear.com\/ve\/wp-json\/wp\/v2\/posts\/38706\/revisions\/38711"}],"wp:featuredmedia":[{"embeddable":true,"href":"https:\/\/arumbear.com\/ve\/wp-json\/wp\/v2\/media\/38708"}],"wp:attachment":[{"href":"https:\/\/arumbear.com\/ve\/wp-json\/wp\/v2\/media?parent=38706"}],"wp:term":[{"taxonomy":"category","embeddable":true,"href":"https:\/\/arumbear.com\/ve\/wp-json\/wp\/v2\/categories?post=38706"},{"taxonomy":"post_tag","embeddable":true,"href":"https:\/\/arumbear.com\/ve\/wp-json\/wp\/v2\/tags?post=38706"}],"curies":[{"name":"wp","href":"https:\/\/api.w.org\/{rel}","templated":true}]}}