{"id":39329,"date":"2024-05-15T21:46:39","date_gmt":"2024-05-16T01:46:39","guid":{"rendered":"https:\/\/arumbear.com\/ve\/?p=39329"},"modified":"2024-05-29T12:53:26","modified_gmt":"2024-05-29T16:53:26","slug":"jose-david-le-regalara-a-su-fanaticada-una-sorpresa-especial","status":"publish","type":"post","link":"https:\/\/arumbear.com\/ve\/jose-david-le-regalara-a-su-fanaticada-una-sorpresa-especial\/","title":{"rendered":"Jos\u00e9 David le regalar\u00e1 a su fanaticada una sorpresa especial"},"content":{"rendered":"<p><strong><em>El cantautor, en su etapa como solista, ha tenido gran receptividad con su rom\u00e1ntica propuesta musical pues son canciones que llegan directo al coraz\u00f3n de todo el que las escucha<\/em><\/strong><\/p>\n<p>\u00c9l le apuesta al despecho y al amor, con letras que conectan org\u00e1nicamente con las personas que tienen la oportunidad de escucharlas. Y es que Jos\u00e9 David (<a href=\"https:\/\/www.instagram.com\/josedavihd\" target=\"_blank\" rel=\"noopener\"><strong>@josedavihd<\/strong><\/a>), desde que inici\u00f3 su carrera como solista, ha querido mostrarle al mundo c\u00f3mo siente la m\u00fasica.<\/p>\n<p>\u201cAtascado\u201d, \u201c23\u201d y \u201cPerdido\u201d forman parte de esa propuesta que ha calado fuertemente en el p\u00fablico, pues son canciones en g\u00e9nero R&amp;B que complementan su potente calidad vocal.<\/p>\n<p><img loading=\"lazy\" decoding=\"async\" class=\"alignright size-full wp-image-39332\" src=\"https:\/\/arumbear.com\/ve\/wp-content\/uploads\/2024\/05\/jose02web.jpg\" alt=\"\" width=\"350\" height=\"547\" srcset=\"https:\/\/arumbear.com\/ve\/wp-content\/uploads\/2024\/05\/jose02web.jpg 350w, https:\/\/arumbear.com\/ve\/wp-content\/uploads\/2024\/05\/jose02web-192x300.jpg 192w, https:\/\/arumbear.com\/ve\/wp-content\/uploads\/2024\/05\/jose02web-269x420.jpg 269w\" sizes=\"auto, (max-width: 350px) 100vw, 350px\" \/><\/p>\n<p>Y es gracias a la receptividad que ha tenido su proyecto, Jos\u00e9 David le regalar\u00e1 a su p\u00fablico una serie de conciertos en varias ciudades del pa\u00eds para este mes de mayo, empezando en Valencia (Parque Dunas) el 11, el 17, por primera vez, en Maracay (Cito Bar), y el 18 en San Diego (360).<\/p>\n<p>\u201cQuiero mostrar mi nuevo material como solista. Este primer EP me emociona mucho y, por fin, mostrarles en vivo estas canciones al p\u00fablico. Pero tambi\u00e9n estar\u00e9 tocando canciones que hac\u00eda con Treo y mis covers favoritos\u201d, comenta el tambi\u00e9n compositor.<\/p>\n<p>Jos\u00e9 David, quien se encuentra en promoci\u00f3n de su m\u00e1s reciente sencillo promocional, tiene las expectativas a mill\u00f3n, ya que el contacto con el p\u00fablico es una de las cosas m\u00e1s significativas para \u00e9l. \u201cLo m\u00e1s importante en esta nueva etapa es poder darles la importancia que merecen, y creo que la mejor manera de devolverles todo el apoyo es cant\u00e1ndoles\u201d, agrega.<\/p>\n<p>Y aunque en paralelo cumple con sus obligaciones como vocal coach y ensayando con su banda, da un peque\u00f1o adelanto de lo que viene para su carrera: \u201cYa se acerca la serie de live sessions, que son versiones en vivo de mis canciones, lo cual me emociona mucho. Adem\u00e1s, voy a seguir creando m\u00fasica\u201d.<\/p>\n<p><strong>Para estar al d\u00eda con todos los proyectos y contenido del artista, no duden en seguirlo a trav\u00e9s de sus redes sociales como <a href=\"https:\/\/www.instagram.com\/josedavihd\" target=\"_blank\" rel=\"noopener\">@josedavihd<\/a><\/strong><\/p>\n<p><iframe loading=\"lazy\" title=\"Perdido - Jose David\" width=\"640\" height=\"360\" src=\"https:\/\/www.youtube.com\/embed\/vI4ct5s7rvs?feature=oembed\" frameborder=\"0\" allow=\"accelerometer; autoplay; clipboard-write; encrypted-media; gyroscope; picture-in-picture; web-share\" referrerpolicy=\"strict-origin-when-cross-origin\" allowfullscreen><\/iframe><\/p>\n<hr>\n<p><em>Prensa: Gisel\u00ed Elie Alsina \/ <a href=\"https:\/\/www.instagram.com\/bygiselielie\" target=\"_blank\" rel=\"noopener\">@ByGiseliElie<\/a><\/em><\/p>\n","protected":false},"excerpt":{"rendered":"<p>El cantautor, en su etapa como solista, ha tenido gran receptividad con su rom\u00e1ntica propuesta musical pues son canciones que llegan directo al coraz\u00f3n de todo el que las escucha \u00c9l le apuesta al despecho y al amor, con letras que conectan org\u00e1nicamente con las personas que tienen la oportunidad de escucharlas. Y es que <\/p>\n","protected":false},"author":3,"featured_media":39331,"comment_status":"closed","ping_status":"open","sticky":false,"template":"","format":"standard","meta":{"footnotes":""},"categories":[2,230,232],"tags":[],"class_list":["post-39329","post","type-post","status-publish","format-standard","has-post-thumbnail","hentry","category-featured","category-musica","category-nacional"],"_links":{"self":[{"href":"https:\/\/arumbear.com\/ve\/wp-json\/wp\/v2\/posts\/39329","targetHints":{"allow":["GET"]}}],"collection":[{"href":"https:\/\/arumbear.com\/ve\/wp-json\/wp\/v2\/posts"}],"about":[{"href":"https:\/\/arumbear.com\/ve\/wp-json\/wp\/v2\/types\/post"}],"author":[{"embeddable":true,"href":"https:\/\/arumbear.com\/ve\/wp-json\/wp\/v2\/users\/3"}],"replies":[{"embeddable":true,"href":"https:\/\/arumbear.com\/ve\/wp-json\/wp\/v2\/comments?post=39329"}],"version-history":[{"count":2,"href":"https:\/\/arumbear.com\/ve\/wp-json\/wp\/v2\/posts\/39329\/revisions"}],"predecessor-version":[{"id":39333,"href":"https:\/\/arumbear.com\/ve\/wp-json\/wp\/v2\/posts\/39329\/revisions\/39333"}],"wp:featuredmedia":[{"embeddable":true,"href":"https:\/\/arumbear.com\/ve\/wp-json\/wp\/v2\/media\/39331"}],"wp:attachment":[{"href":"https:\/\/arumbear.com\/ve\/wp-json\/wp\/v2\/media?parent=39329"}],"wp:term":[{"taxonomy":"category","embeddable":true,"href":"https:\/\/arumbear.com\/ve\/wp-json\/wp\/v2\/categories?post=39329"},{"taxonomy":"post_tag","embeddable":true,"href":"https:\/\/arumbear.com\/ve\/wp-json\/wp\/v2\/tags?post=39329"}],"curies":[{"name":"wp","href":"https:\/\/api.w.org\/{rel}","templated":true}]}}