{"id":40836,"date":"2024-09-09T16:19:56","date_gmt":"2024-09-09T20:19:56","guid":{"rendered":"https:\/\/arumbear.com\/ve\/?p=40836"},"modified":"2024-09-09T16:19:56","modified_gmt":"2024-09-09T20:19:56","slug":"biella-da-costa-y-la-banda-de-alvaro-falcon-brillan-en-el-centro-uruguayo-venezolano","status":"publish","type":"post","link":"https:\/\/arumbear.com\/ve\/biella-da-costa-y-la-banda-de-alvaro-falcon-brillan-en-el-centro-uruguayo-venezolano\/","title":{"rendered":"Biella Da Costa y la Banda de Alvaro Falc\u00f3n brillan en El Centro Uruguayo Venezolano"},"content":{"rendered":"<p><em><strong>Con el estreno de \u2018Canci\u00f3n Para Venezuela\u2019 y \u2018C\u00ednico&#8217;<\/strong><\/em><\/p>\n<p>Este viernes 6 de septiembre, el renombrado restaurante La Carreta El Club Del Rock, ubicado en el Centro Uruguayo Venezolano, fue testigo de una noche inolvidable. La artista internacional Biella Da Costa, acompa\u00f1ada por la talentosa banda del Maestro Alvaro Falc\u00f3n, logr\u00f3 cautivar por completo al p\u00fablico presente con el estreno de sus m\u00e1s recientes temas: \u201cCanci\u00f3n Para Venezuela\u201d y \u201cC\u00ednico\u201d.<\/p>\n<p>La banda, conformada por Miguel De Vicenzo en la bater\u00eda, Willie Croes en el teclado y Juan Carlos De La Cruz en el bajo, ofreci\u00f3 una presentaci\u00f3n magistral que dej\u00f3 a todos los asistentes con ganas de m\u00e1s. La combinaci\u00f3n de la poderosa voz de Biella Da Costa y la impecable ejecuci\u00f3n musical del grupo result\u00f3 en una velada llena de energ\u00eda, emoci\u00f3n y calidad art\u00edstica.<\/p>\n<p><img loading=\"lazy\" decoding=\"async\" class=\"alignright size-full wp-image-40839\" src=\"https:\/\/arumbear.com\/ve\/wp-content\/uploads\/2024\/09\/biella02.jpg\" alt=\"\" width=\"350\" height=\"495\" srcset=\"https:\/\/arumbear.com\/ve\/wp-content\/uploads\/2024\/09\/biella02.jpg 350w, https:\/\/arumbear.com\/ve\/wp-content\/uploads\/2024\/09\/biella02-212x300.jpg 212w, https:\/\/arumbear.com\/ve\/wp-content\/uploads\/2024\/09\/biella02-297x420.jpg 297w\" sizes=\"auto, (max-width: 350px) 100vw, 350px\" \/><\/p>\n<p>El evento, que reuni\u00f3 a numerosos seguidores de la m\u00fasica y la cultura, se destac\u00f3 por su ambiente vibrante y la conexi\u00f3n especial que se cre\u00f3 entre los artistas y el p\u00fablico. Sin duda, fue una noche que quedar\u00e1 grabada en la memoria de todos los presentes y que reafirma el talento venezolano y la pasi\u00f3n de estos grandes exponentes de la m\u00fasica.<\/p>\n<p>Adem\u00e1s, el equipo de Infotv 24h, compuesto por profesionales dedicados y apasionados, fue el encargado de la promoci\u00f3n y producci\u00f3n audiovisual del concierto. Bajo la direcci\u00f3n del Editor V\u00edctor Manuel Garc\u00eda Hidalgo, con la direcci\u00f3n t\u00e9cnica de H\u00e9ctor Fuenmayor y las c\u00e1maras de Kevin Abreu quienes se encargaron de capturar el momento y asegurando que cada toma sea perfecta. Tambi\u00e9n cont\u00f3 con la asistencia general de Nazaret Ram\u00edrez, facilitando el trabajo del equipo con su eficiencia y dedicaci\u00f3n. Asimismo, la cobertura period\u00edstica estuvo a cargo de la Licenciada Rosangel Salazar, cuyo profesionalismo y experiencia garantizan una informaci\u00f3n clara y precisa.<\/p>\n<p><strong>Redes oficiales: <a href=\"https:\/\/www.instagram.com\/infocifras\" target=\"_blank\" rel=\"noopener\">@infocifras<\/a> y <a href=\"https:\/\/www.instagram.com\/bielladacosta\" target=\"_blank\" rel=\"noopener\">@bielladacosta<\/a><\/strong><\/p>\n<hr>\n<p><em>Prensa: Rosangel Salazar<\/em><\/p>\n","protected":false},"excerpt":{"rendered":"<p>Con el estreno de \u2018Canci\u00f3n Para Venezuela\u2019 y \u2018C\u00ednico&#8217; Este viernes 6 de septiembre, el renombrado restaurante La Carreta El Club Del Rock, ubicado en el Centro Uruguayo Venezolano, fue testigo de una noche inolvidable. La artista internacional Biella Da Costa, acompa\u00f1ada por la talentosa banda del Maestro Alvaro Falc\u00f3n, logr\u00f3 cautivar por completo al <\/p>\n","protected":false},"author":3,"featured_media":40838,"comment_status":"closed","ping_status":"open","sticky":false,"template":"","format":"standard","meta":{"footnotes":""},"categories":[230,232],"tags":[],"class_list":["post-40836","post","type-post","status-publish","format-standard","has-post-thumbnail","hentry","category-musica","category-nacional"],"_links":{"self":[{"href":"https:\/\/arumbear.com\/ve\/wp-json\/wp\/v2\/posts\/40836","targetHints":{"allow":["GET"]}}],"collection":[{"href":"https:\/\/arumbear.com\/ve\/wp-json\/wp\/v2\/posts"}],"about":[{"href":"https:\/\/arumbear.com\/ve\/wp-json\/wp\/v2\/types\/post"}],"author":[{"embeddable":true,"href":"https:\/\/arumbear.com\/ve\/wp-json\/wp\/v2\/users\/3"}],"replies":[{"embeddable":true,"href":"https:\/\/arumbear.com\/ve\/wp-json\/wp\/v2\/comments?post=40836"}],"version-history":[{"count":3,"href":"https:\/\/arumbear.com\/ve\/wp-json\/wp\/v2\/posts\/40836\/revisions"}],"predecessor-version":[{"id":40841,"href":"https:\/\/arumbear.com\/ve\/wp-json\/wp\/v2\/posts\/40836\/revisions\/40841"}],"wp:featuredmedia":[{"embeddable":true,"href":"https:\/\/arumbear.com\/ve\/wp-json\/wp\/v2\/media\/40838"}],"wp:attachment":[{"href":"https:\/\/arumbear.com\/ve\/wp-json\/wp\/v2\/media?parent=40836"}],"wp:term":[{"taxonomy":"category","embeddable":true,"href":"https:\/\/arumbear.com\/ve\/wp-json\/wp\/v2\/categories?post=40836"},{"taxonomy":"post_tag","embeddable":true,"href":"https:\/\/arumbear.com\/ve\/wp-json\/wp\/v2\/tags?post=40836"}],"curies":[{"name":"wp","href":"https:\/\/api.w.org\/{rel}","templated":true}]}}