{"id":40866,"date":"2024-09-10T14:23:45","date_gmt":"2024-09-10T18:23:45","guid":{"rendered":"https:\/\/arumbear.com\/ve\/?p=40866"},"modified":"2024-09-10T14:23:45","modified_gmt":"2024-09-10T18:23:45","slug":"dia-internacional-del-chocolate-un-homenaje-al-manjar-mas-sublime-de-la-naturaleza","status":"publish","type":"post","link":"https:\/\/arumbear.com\/ve\/dia-internacional-del-chocolate-un-homenaje-al-manjar-mas-sublime-de-la-naturaleza\/","title":{"rendered":"D\u00eda Internacional del Chocolate: Un homenaje al manjar m\u00e1s sublime de la naturaleza"},"content":{"rendered":"<p><strong><em>Cada 13 de septiembre, el mundo se une para celebrar el D\u00eda Internacional del Chocolate, un tributo a uno de los alimentos m\u00e1s ic\u00f3nicos y deseados del planeta. <\/em><\/strong><\/p>\n<p>Esta festividad, que se remonta a 1995 en Francia, en honor al legendario escritor Roald Dahl, autor de \u00abCharlie y la f\u00e1brica de chocolate\u00bb, adquiere un significado especial en Cakawa Chocolates, una f\u00e1brica que empieza a arraigarse en el coraz\u00f3n de los venezolanos porque est\u00e1 llena de prop\u00f3sito a favor del cacao venezolano y de quienes lo cultivan. En Cakawa el visitante puede apreciar el largo camino que recorre el grano de cacao para llegar a ser una deliciosa barra de chocolate.<\/p>\n<p><strong>La leyenda detr\u00e1s de Cakawa<br \/>\n<\/strong>Seg\u00fan cuenta la leyenda fue una doncella la que prob\u00f3 el Kakawa (cacao) por primera vez en tiempos prehisp\u00e1nicos, porque el coraz\u00f3n del chocoatl (chocolate) era femenino, pero no de una joven sino de una anciana. El cacao era para nuestros pueblos una abuela, la abuela Kakawa, la sabia, la que guiaba, un\u00eda y amaba. \u00abDebe ser por eso que las mujeres conectamos tanto con el chocolate\u00bb, coment\u00f3 Soraya Achkar, fundadora de Cakawa Chocolates y profesora de estudios culturales.<\/p>\n<p><strong>Celebraci\u00f3n en Cakawa Chocolates<br \/>\n<\/strong>Este a\u00f1o, Cakawa celebra el D\u00eda del Chocolate con un programa lleno de sabores y experiencias \u00fanicas desde el viernes, 13 de septiembre hasta el domingo, 15 de septiembre (el viernes con horario extendido hasta las 10:00 p.m.). Cakawa ofrecer\u00e1 un men\u00fa especial que incluye fondue de chocolate con quesos y frutas para dos personas, degustaciones de mousse de origen, y el estreno del volc\u00e1n de chocolate con coulis de mora.<\/p>\n<p><img loading=\"lazy\" decoding=\"async\" class=\"size-full wp-image-40869 aligncenter\" src=\"https:\/\/arumbear.com\/ve\/wp-content\/uploads\/2024\/09\/cakawa02.jpg\" alt=\"\" width=\"700\" height=\"500\" srcset=\"https:\/\/arumbear.com\/ve\/wp-content\/uploads\/2024\/09\/cakawa02.jpg 700w, https:\/\/arumbear.com\/ve\/wp-content\/uploads\/2024\/09\/cakawa02-300x214.jpg 300w, https:\/\/arumbear.com\/ve\/wp-content\/uploads\/2024\/09\/cakawa02-100x70.jpg 100w, https:\/\/arumbear.com\/ve\/wp-content\/uploads\/2024\/09\/cakawa02-696x497.jpg 696w, https:\/\/arumbear.com\/ve\/wp-content\/uploads\/2024\/09\/cakawa02-588x420.jpg 588w\" sizes=\"auto, (max-width: 700px) 100vw, 700px\" \/><\/p>\n<p><strong>Innovaci\u00f3n y tradici\u00f3n chocolatera<br \/>\n<\/strong>Adem\u00e1s, en el&nbsp;Hot Chocolate&nbsp;Bar de Cakawa, se podr\u00e1n disfrutar m\u00e1s de 20 variadas formas de tomar una taza de chocolate, acompa\u00f1adas de una decena de galletas caseras y una nueva carta de tragos como Rosal\u00eda, Carlota, Matea e Isabella, que combinan licores selectos con el mejor chocolate.<\/p>\n<p><strong>Cata de chocolates<br \/>\n<\/strong><span style=\"background-color: #ffff00;\">El s\u00e1bado, 14 de septiembre a las 6:00 p.m.<\/span> se llevar\u00e1 a cabo una exclusiva cata de chocolates, en la que se podr\u00e1n degustar y comparar&nbsp;chocolates de origen, con premios internacionales de Vietnam, Tanzania, Per\u00fa, Brasil y Venezuela.<\/p>\n<p><strong>Para m\u00e1s informaci\u00f3n sobre estas actividades y reservas, visita <a href=\"https:\/\/www.instagram.com\/vecakawa\" target=\"_blank\" rel=\"noopener\">@vecakawa<\/a> en Instagram o escribe al WhatsApp +58.412.411.5733<\/strong><\/p>\n<hr>\n<p><em>Prensa: Carolina Fuenmayor \/ <a href=\"https:\/\/www.instagram.com\/cfperiodista\" target=\"_blank\" rel=\"noopener\">@cfperiodista<\/a><\/em><\/p>\n","protected":false},"excerpt":{"rendered":"<p>Cada 13 de septiembre, el mundo se une para celebrar el D\u00eda Internacional del Chocolate, un tributo a uno de los alimentos m\u00e1s ic\u00f3nicos y deseados del planeta. Esta festividad, que se remonta a 1995 en Francia, en honor al legendario escritor Roald Dahl, autor de \u00abCharlie y la f\u00e1brica de chocolate\u00bb, adquiere un significado <\/p>\n","protected":false},"author":3,"featured_media":40868,"comment_status":"closed","ping_status":"open","sticky":false,"template":"","format":"standard","meta":{"footnotes":""},"categories":[23],"tags":[],"class_list":["post-40866","post","type-post","status-publish","format-standard","has-post-thumbnail","hentry","category-noticias"],"_links":{"self":[{"href":"https:\/\/arumbear.com\/ve\/wp-json\/wp\/v2\/posts\/40866","targetHints":{"allow":["GET"]}}],"collection":[{"href":"https:\/\/arumbear.com\/ve\/wp-json\/wp\/v2\/posts"}],"about":[{"href":"https:\/\/arumbear.com\/ve\/wp-json\/wp\/v2\/types\/post"}],"author":[{"embeddable":true,"href":"https:\/\/arumbear.com\/ve\/wp-json\/wp\/v2\/users\/3"}],"replies":[{"embeddable":true,"href":"https:\/\/arumbear.com\/ve\/wp-json\/wp\/v2\/comments?post=40866"}],"version-history":[{"count":2,"href":"https:\/\/arumbear.com\/ve\/wp-json\/wp\/v2\/posts\/40866\/revisions"}],"predecessor-version":[{"id":40870,"href":"https:\/\/arumbear.com\/ve\/wp-json\/wp\/v2\/posts\/40866\/revisions\/40870"}],"wp:featuredmedia":[{"embeddable":true,"href":"https:\/\/arumbear.com\/ve\/wp-json\/wp\/v2\/media\/40868"}],"wp:attachment":[{"href":"https:\/\/arumbear.com\/ve\/wp-json\/wp\/v2\/media?parent=40866"}],"wp:term":[{"taxonomy":"category","embeddable":true,"href":"https:\/\/arumbear.com\/ve\/wp-json\/wp\/v2\/categories?post=40866"},{"taxonomy":"post_tag","embeddable":true,"href":"https:\/\/arumbear.com\/ve\/wp-json\/wp\/v2\/tags?post=40866"}],"curies":[{"name":"wp","href":"https:\/\/api.w.org\/{rel}","templated":true}]}}