{"id":40950,"date":"2024-09-11T21:37:39","date_gmt":"2024-09-12T01:37:39","guid":{"rendered":"https:\/\/arumbear.com\/ve\/?p=40950"},"modified":"2024-10-03T22:56:32","modified_gmt":"2024-10-04T02:56:32","slug":"un-canto-a-venezuela-diveana-lanza-llevo-en-honor-a-su-tierra-natal","status":"publish","type":"post","link":"https:\/\/arumbear.com\/ve\/un-canto-a-venezuela-diveana-lanza-llevo-en-honor-a-su-tierra-natal\/","title":{"rendered":"\u00a1Un canto a Venezuela! Diveana lanza \u201cLlevo\u201d en honor a su tierra natal"},"content":{"rendered":"<p>La talentosa merenguera venezolana Diveana, reconocida por su amplia trayectoria musical ininterrumpida durante m\u00e1s de 35 a\u00f1os, sorprende con una canci\u00f3n en versi\u00f3n pop dedicada a Venezuela, el pa\u00eds que la ha visto crecer y ha dado el fortalecimiento de su carrera art\u00edstica.<\/p>\n<p><img loading=\"lazy\" decoding=\"async\" class=\"alignright size-full wp-image-40952\" src=\"https:\/\/arumbear.com\/ve\/wp-content\/uploads\/2024\/09\/diveana02.jpg\" alt=\"\" width=\"350\" height=\"350\" srcset=\"https:\/\/arumbear.com\/ve\/wp-content\/uploads\/2024\/09\/diveana02.jpg 350w, https:\/\/arumbear.com\/ve\/wp-content\/uploads\/2024\/09\/diveana02-300x300.jpg 300w, https:\/\/arumbear.com\/ve\/wp-content\/uploads\/2024\/09\/diveana02-150x150.jpg 150w\" sizes=\"auto, (max-width: 350px) 100vw, 350px\" \/><\/p>\n<p>\u00abLlevo\u201d es una versi\u00f3n del tema interpretado y compuesto por Jos\u00e9 Manuel Montenegro Gonz\u00e1lez <a href=\"https:\/\/www.instagram.com\/montenegromanuel_\" target=\"_blank\" rel=\"noopener\">@montenegromanuel_<\/a> , m\u00fasico y cantautor venezolano nacido en Bejuma, estado Carabobo.<\/p>\n<p>\u00ab&#8216;Es una canci\u00f3n que compuse en mis primeros a\u00f1os fuera de Venezuela, con el deseo de no perder mi identidad y de que, de alguna manera, mi origen venezolano siempre se sienta en mi m\u00fasica y en mi persona. Y al enterarme por parte de su manager que Diveana grabar\u00eda mi canci\u00f3n, me llen\u00f3 de felicidad, ya que, es una canci\u00f3n que nace con la intenci\u00f3n de identificarnos como venezolanos, y que sea cantada por ella, que al menos para m\u00ed, es una voz s\u00edmbolo de nuestro ADN musical venezolano, es un gran honor\u201d, puntualiza el compositor.<\/p>\n<p><img loading=\"lazy\" decoding=\"async\" class=\"size-full wp-image-40953 alignleft\" src=\"https:\/\/arumbear.com\/ve\/wp-content\/uploads\/2024\/09\/diveana03.jpg\" alt=\"\" width=\"350\" height=\"350\" srcset=\"https:\/\/arumbear.com\/ve\/wp-content\/uploads\/2024\/09\/diveana03.jpg 350w, https:\/\/arumbear.com\/ve\/wp-content\/uploads\/2024\/09\/diveana03-300x300.jpg 300w, https:\/\/arumbear.com\/ve\/wp-content\/uploads\/2024\/09\/diveana03-150x150.jpg 150w\" sizes=\"auto, (max-width: 350px) 100vw, 350px\" \/><\/p>\n<p>El tema fue producido musicalmente por el talentoso pianista y productor Yoel Vivas alias <a href=\"https:\/\/www.instagram.com\/Yoelkeys\" target=\"_blank\" rel=\"noopener\">@Yoelkeys<\/a> desde los Estudios de TwoStudioYa en la ciudad de Miami. Adem\u00e1s, grabado por los talentosos m\u00fasicos venezolanos Edgar Ripoll <a href=\"https:\/\/www.instagram.com\/ripollguitar\" target=\"_blank\" rel=\"noopener\">@ripollguitar<\/a> en las guitarras ac\u00fastica y el\u00e9ctrica, Jos\u00e9 \u201cPoke\u201d Ferrer @pokeferrer en la bater\u00eda y en el bajo Rafael Qu\u00e9rales <a href=\"https:\/\/www.instagram.com\/rafaqbass\" target=\"_blank\" rel=\"noopener\">@rafaqbass<\/a><\/p>\n<p>El v\u00eddeo fue rodado en las instalaciones de JN Music Group en la ciudad de Miami, Estados Unidos, dirigido por Oscar Enr\u00edquez @oscar_enriquezo, junto a todo su equipo de trabajo, apoyado en un Cyclorama White Studio con movimientos lentos y gestuales en 360 grados, bajo el Concepto Creado con planos Detr\u00e1s de Camara que le dieron la secuencia a este v\u00eddeo.<\/p>\n<p>El paquete gr\u00e1fico de dise\u00f1o fue ejecutado por el talentoso Nelson Mu\u00f1oz <a href=\"https:\/\/www.instagram.com\/MrVicentStudio\" target=\"_blank\" rel=\"noopener\">@MrVicentStudio<\/a> bas\u00e1ndose en los vestuarios de Diveana, que identifica el tricolor venezolano y su puesta en escena durante la grabaci\u00f3n del video.<\/p>\n<p><img loading=\"lazy\" decoding=\"async\" class=\"alignright size-full wp-image-40954\" src=\"https:\/\/arumbear.com\/ve\/wp-content\/uploads\/2024\/09\/diveana04.jpg\" alt=\"\" width=\"350\" height=\"350\" srcset=\"https:\/\/arumbear.com\/ve\/wp-content\/uploads\/2024\/09\/diveana04.jpg 350w, https:\/\/arumbear.com\/ve\/wp-content\/uploads\/2024\/09\/diveana04-300x300.jpg 300w, https:\/\/arumbear.com\/ve\/wp-content\/uploads\/2024\/09\/diveana04-150x150.jpg 150w\" sizes=\"auto, (max-width: 350px) 100vw, 350px\" \/><\/p>\n<p>\u201cDesde que V\u00edctor Pab\u00f3n <a href=\"https:\/\/www.instagram.com\/elvictorpabon\" target=\"_blank\" rel=\"noopener\">@elvictorpabon<\/a>, mi manager, me envi\u00f3 la canci\u00f3n, sent\u00ed conexi\u00f3n con la misma y cuando la escuch\u00e9 me hizo llorar, por su emotividad. Cuando la grabe logr\u00f3 estremecerme en el estudio, y al hacer el performance del video sent\u00ed una conexi\u00f3n \u00fanica entre la canci\u00f3n y lo que quer\u00eda reflejar: somos gente buena y debemos destacarnos en cualquier parte del mundo\u201d, expres\u00f3 la destacada merenguera.<\/p>\n<p>As\u00ed mismo, ratific\u00f3 que su m\u00e1nager encontr\u00f3 el mejor momento para lanzar \u201cLlevo\u201d, pues su objetivo como artista siempre ha sido dejar el nombre de Venezuela en lo m\u00e1s alto.<\/p>\n<p>\u201cLlevo\u201d est\u00e1 disponible en todas las plataformas musicales y el video oficial en el canal de YouTube <a href=\"https:\/\/www.youtube.com\/channel\/UC_xKdCIdTGcrC7VMDQX91XQ\" target=\"_blank\" rel=\"noopener\">@diveanaoficial<\/a><\/p>\n<p><strong>M\u00e1s informaci\u00f3n: <a href=\"https:\/\/www.instagram.com\/diveanaoficial\" target=\"_blank\" rel=\"noopener\">@diveanaoficial<\/a><\/strong><\/p>\n<p><iframe loading=\"lazy\" title=\"Diveana - Llevo (Video Oficial)\" width=\"640\" height=\"360\" src=\"https:\/\/www.youtube.com\/embed\/EVqYzWSy3nU?feature=oembed\" frameborder=\"0\" allow=\"accelerometer; autoplay; clipboard-write; encrypted-media; gyroscope; picture-in-picture; web-share\" referrerpolicy=\"strict-origin-when-cross-origin\" allowfullscreen><\/iframe><\/p>\n<hr>\n<p><em>Prensa: Minaya PR &#8211; <a href=\"https:\/\/www.instagram.com\/minayapr\" target=\"_blank\" rel=\"noopener\">@minayapr<\/a> \/ JN Music Group &#8211; <a href=\"https:\/\/www.instagram.com\/jnmusicgroup\" target=\"_blank\" rel=\"noopener\">@jnmusicgroup<\/a><\/em><\/p>\n","protected":false},"excerpt":{"rendered":"<p>La talentosa merenguera venezolana Diveana, reconocida por su amplia trayectoria musical ininterrumpida durante m\u00e1s de 35 a\u00f1os, sorprende con una canci\u00f3n en versi\u00f3n pop dedicada a Venezuela, el pa\u00eds que la ha visto crecer y ha dado el fortalecimiento de su carrera art\u00edstica. \u00abLlevo\u201d es una versi\u00f3n del tema interpretado y compuesto por Jos\u00e9 Manuel <\/p>\n","protected":false},"author":3,"featured_media":40951,"comment_status":"closed","ping_status":"open","sticky":false,"template":"","format":"standard","meta":{"footnotes":""},"categories":[2,231,230],"tags":[],"class_list":["post-40950","post","type-post","status-publish","format-standard","has-post-thumbnail","hentry","category-featured","category-internacional","category-musica"],"_links":{"self":[{"href":"https:\/\/arumbear.com\/ve\/wp-json\/wp\/v2\/posts\/40950","targetHints":{"allow":["GET"]}}],"collection":[{"href":"https:\/\/arumbear.com\/ve\/wp-json\/wp\/v2\/posts"}],"about":[{"href":"https:\/\/arumbear.com\/ve\/wp-json\/wp\/v2\/types\/post"}],"author":[{"embeddable":true,"href":"https:\/\/arumbear.com\/ve\/wp-json\/wp\/v2\/users\/3"}],"replies":[{"embeddable":true,"href":"https:\/\/arumbear.com\/ve\/wp-json\/wp\/v2\/comments?post=40950"}],"version-history":[{"count":1,"href":"https:\/\/arumbear.com\/ve\/wp-json\/wp\/v2\/posts\/40950\/revisions"}],"predecessor-version":[{"id":40955,"href":"https:\/\/arumbear.com\/ve\/wp-json\/wp\/v2\/posts\/40950\/revisions\/40955"}],"wp:featuredmedia":[{"embeddable":true,"href":"https:\/\/arumbear.com\/ve\/wp-json\/wp\/v2\/media\/40951"}],"wp:attachment":[{"href":"https:\/\/arumbear.com\/ve\/wp-json\/wp\/v2\/media?parent=40950"}],"wp:term":[{"taxonomy":"category","embeddable":true,"href":"https:\/\/arumbear.com\/ve\/wp-json\/wp\/v2\/categories?post=40950"},{"taxonomy":"post_tag","embeddable":true,"href":"https:\/\/arumbear.com\/ve\/wp-json\/wp\/v2\/tags?post=40950"}],"curies":[{"name":"wp","href":"https:\/\/api.w.org\/{rel}","templated":true}]}}