{"id":41260,"date":"2024-09-19T21:26:08","date_gmt":"2024-09-20T01:26:08","guid":{"rendered":"https:\/\/arumbear.com\/ve\/?p=41260"},"modified":"2024-10-10T21:43:27","modified_gmt":"2024-10-11T01:43:27","slug":"crema-helados-fue-galardonado-durante-la-cumbre-de-lideres-empresariales-2024","status":"publish","type":"post","link":"https:\/\/arumbear.com\/ve\/crema-helados-fue-galardonado-durante-la-cumbre-de-lideres-empresariales-2024\/","title":{"rendered":"Crema Helados fue galardonado durante la Cumbre de L\u00edderes Empresariales 2024"},"content":{"rendered":"<p><strong><em>En una protocolar ceremonia, la marca Crema Helados fue galardonada con el prestigioso Premio L\u00edder Empresarial en el rubro heladero durante la Cumbre de L\u00edderes Empresariales, que se celebr\u00f3 en el Hotel Eurobuilding de Caracas, con la participaci\u00f3n de m\u00e1s de 100 empresas expositoras de diversas \u00e1reas.<\/em><\/strong><\/p>\n<p>El CEO de Crema Helados, Marco Toro, recibi\u00f3 la estatuilla que simboliza el arduo trabajo y la dedicaci\u00f3n de la empresa en ofrecer productos de alta calidad a los venezolanos. Emocionado, el empresario carabobe\u00f1o expres\u00f3 su gratitud y ratific\u00f3 el compromiso de la marca con el desarrollo de la econom\u00eda venezolana.<\/p>\n<p>\u201cEste reconocimiento no solo celebra nuestra historia de 12 a\u00f1os, sino que tambi\u00e9n nos impulsa a seguir innovando y trabajando para generar fuentes de empleos y de inversi\u00f3n\u201d, manifest\u00f3 Toro, quien resalt\u00f3 que este logro es producto del trabajo en equipo de un gran equipo humano en las \u00e1reas administrativas y productivas.<\/p>\n<p><img loading=\"lazy\" decoding=\"async\" class=\"size-full wp-image-41263 aligncenter\" src=\"https:\/\/arumbear.com\/ve\/wp-content\/uploads\/2024\/09\/crema02.jpg\" alt=\"\" width=\"700\" height=\"400\" srcset=\"https:\/\/arumbear.com\/ve\/wp-content\/uploads\/2024\/09\/crema02.jpg 700w, https:\/\/arumbear.com\/ve\/wp-content\/uploads\/2024\/09\/crema02-300x171.jpg 300w, https:\/\/arumbear.com\/ve\/wp-content\/uploads\/2024\/09\/crema02-696x398.jpg 696w\" sizes=\"auto, (max-width: 700px) 100vw, 700px\" \/><\/p>\n<p>Agreg\u00f3 que cada d\u00eda Crema Helados avanza a su consolidaci\u00f3n dentro del mercado nacional para posicionarse como l\u00edder en la industria heladera, dentro del cual suma 47 franquicias distribuidas en 14 estados del pa\u00eds, de las cuales 13 est\u00e1n ubicadas en la Gran Caracas, espec\u00edficamente en Petare, Av. Nueva Granada, Chacao, Quinta Crespo, Av. San Mart\u00edn, La Guaira, Sabana Grande, Las Adjuntas, Catia, Los Teques, San Antonio de los Altos, Guatire, Guarenas.<\/p>\n<p>La empresa, que naci\u00f3 de manera artesanal, cuenta hoy d\u00eda con una producci\u00f3n totalmente industrializada con tecnolog\u00eda de punta, generando m\u00e1s de 600 empleos directos y 2500 indirectos. \u201cNuestra meta es alcanzar las 60 franquicias para seguir llevando nuestro mundo de sabores\u201d, indic\u00f3.<\/p>\n<p>Destac\u00f3 adem\u00e1s que Crema Helados cuenta con una App de compras que puede ser descargada gratuitamente desde cualquier tel\u00e9fono Android o IPhone para realizar los pedidos a partir de $10 y recibirlos a trav\u00e9s del servicio de delivery.<\/p>\n<p>Toro inform\u00f3 sobre la alianza con Cashea que permitir\u00e1 el financiamiento de congeladores y mercanc\u00eda sin intereses, para que los nuevos embajadores de la marca puedan vender los productos desde sus hogares o peque\u00f1os negocios.<\/p>\n<p><img loading=\"lazy\" decoding=\"async\" class=\"size-full wp-image-41264 aligncenter\" src=\"https:\/\/arumbear.com\/ve\/wp-content\/uploads\/2024\/09\/crema03.jpg\" alt=\"\" width=\"700\" height=\"500\" srcset=\"https:\/\/arumbear.com\/ve\/wp-content\/uploads\/2024\/09\/crema03.jpg 700w, https:\/\/arumbear.com\/ve\/wp-content\/uploads\/2024\/09\/crema03-300x214.jpg 300w, https:\/\/arumbear.com\/ve\/wp-content\/uploads\/2024\/09\/crema03-100x70.jpg 100w, https:\/\/arumbear.com\/ve\/wp-content\/uploads\/2024\/09\/crema03-696x497.jpg 696w, https:\/\/arumbear.com\/ve\/wp-content\/uploads\/2024\/09\/crema03-588x420.jpg 588w\" sizes=\"auto, (max-width: 700px) 100vw, 700px\" \/><\/p>\n<p>Por su parte, Luis Ojeda, gerente de comercializaci\u00f3n, anunci\u00f3 pr\u00f3ximas aperturas en ciudades como San Crist\u00f3bal (T\u00e1chira) y una segunda franquicia en El Vig\u00eda (M\u00e9rida), y resalt\u00f3 que la marca est\u00e1 creciendo hacia el oriente del pa\u00eds donde iniciar\u00e1 operaciones en Cuman\u00e1, Car\u00fapano, Matur\u00edn y Margarita.<\/p>\n<p>Ojeda asegur\u00f3 que el posicionamiento de Crema helados en el mercado nacional, se debe al impulso de su fundador, Marco Toro, a quien describi\u00f3 como \u201cun so\u00f1ador\u201d. \u201cGracias a la confianza que \u00e9l tiene en el pa\u00eds y en su equipo profesional, todos los d\u00edas en Crema Helados no salimos a trabajar, sino a cumplir un sue\u00f1o\u201d.<\/p>\n<p><strong>M\u00e1s informaci\u00f3n: <a href=\"https:\/\/www.instagram.com\/cremahelados\" target=\"_blank\" rel=\"noopener\">@cremahelados<\/a><\/strong><\/p>\n<hr>\n<p><em>Prensa: Gabriela Suniaga \/ <a href=\"https:\/\/www.instagram.com\/gabrielasuniaga\" target=\"_blank\" rel=\"noopener\">@gabrielasuniaga<\/a><\/em><\/p>\n","protected":false},"excerpt":{"rendered":"<p>En una protocolar ceremonia, la marca Crema Helados fue galardonada con el prestigioso Premio L\u00edder Empresarial en el rubro heladero durante la Cumbre de L\u00edderes Empresariales, que se celebr\u00f3 en el Hotel Eurobuilding de Caracas, con la participaci\u00f3n de m\u00e1s de 100 empresas expositoras de diversas \u00e1reas. El CEO de Crema Helados, Marco Toro, recibi\u00f3 <\/p>\n","protected":false},"author":3,"featured_media":41262,"comment_status":"closed","ping_status":"open","sticky":false,"template":"","format":"standard","meta":{"footnotes":""},"categories":[2,23],"tags":[],"class_list":["post-41260","post","type-post","status-publish","format-standard","has-post-thumbnail","hentry","category-featured","category-noticias"],"_links":{"self":[{"href":"https:\/\/arumbear.com\/ve\/wp-json\/wp\/v2\/posts\/41260","targetHints":{"allow":["GET"]}}],"collection":[{"href":"https:\/\/arumbear.com\/ve\/wp-json\/wp\/v2\/posts"}],"about":[{"href":"https:\/\/arumbear.com\/ve\/wp-json\/wp\/v2\/types\/post"}],"author":[{"embeddable":true,"href":"https:\/\/arumbear.com\/ve\/wp-json\/wp\/v2\/users\/3"}],"replies":[{"embeddable":true,"href":"https:\/\/arumbear.com\/ve\/wp-json\/wp\/v2\/comments?post=41260"}],"version-history":[{"count":2,"href":"https:\/\/arumbear.com\/ve\/wp-json\/wp\/v2\/posts\/41260\/revisions"}],"predecessor-version":[{"id":41265,"href":"https:\/\/arumbear.com\/ve\/wp-json\/wp\/v2\/posts\/41260\/revisions\/41265"}],"wp:featuredmedia":[{"embeddable":true,"href":"https:\/\/arumbear.com\/ve\/wp-json\/wp\/v2\/media\/41262"}],"wp:attachment":[{"href":"https:\/\/arumbear.com\/ve\/wp-json\/wp\/v2\/media?parent=41260"}],"wp:term":[{"taxonomy":"category","embeddable":true,"href":"https:\/\/arumbear.com\/ve\/wp-json\/wp\/v2\/categories?post=41260"},{"taxonomy":"post_tag","embeddable":true,"href":"https:\/\/arumbear.com\/ve\/wp-json\/wp\/v2\/tags?post=41260"}],"curies":[{"name":"wp","href":"https:\/\/api.w.org\/{rel}","templated":true}]}}