{"id":42212,"date":"2024-10-22T08:56:52","date_gmt":"2024-10-22T12:56:52","guid":{"rendered":"https:\/\/arumbear.com\/ve\/?p=42212"},"modified":"2024-11-11T23:54:50","modified_gmt":"2024-11-12T03:54:50","slug":"de-el-encuentro-a-su-carrera-como-solista-landa-estrena-rotos","status":"publish","type":"post","link":"https:\/\/arumbear.com\/ve\/de-el-encuentro-a-su-carrera-como-solista-landa-estrena-rotos\/","title":{"rendered":"De El Encuentro a su carrera como solista: Landa estrena \u201cRotos\u201d"},"content":{"rendered":"<p>Con una propuesta que deja ver su esencia como artista, el talentoso int\u00e9rprete comienza una nueva etapa en su camino musical, ese que inici\u00f3 en El Encuentro, la \u00faltima y muy exitosa agrupaci\u00f3n de polifon\u00eda vocal en Venezuela.<\/p>\n<p>Irrumpi\u00f3 en la industria cuando estuvo en un conocido reality de televisi\u00f3n y, de all\u00ed, form\u00f3 parte de la \u00faltima boy band de polifon\u00eda vocal m\u00e1s importante de los \u00faltimos a\u00f1os: El Encuentro, en donde cosech\u00f3 \u00e9xitos como \u201cSolo t\u00fa\u201d, \u201cNada es igual\u201d, \u201cLento y suave\u201d, entre muchos m\u00e1s. Hoy, Landa (<a href=\"https:\/\/www.instagram.com\/landamusica\" target=\"_blank\" rel=\"noopener\"><strong>@landamusica<\/strong><\/a>) da inicio a su etapa como solista con el sencillo \u201cRotos\u201d.<\/p>\n<p>\u201cEstoy s\u00faper contento y emocionado de regresar a lo que amo. La verdad, era algo que quer\u00eda hacer desde hace mucho tiempo, pero tambi\u00e9n sent\u00eda la necesidad de, no solo encontrarme con la m\u00fasica que me har\u00eda feliz, sino con letras que me representen y de las que disfrutar\u00eda escuchar sin cansarme\u201d, relata el artista.<\/p>\n<p><img loading=\"lazy\" decoding=\"async\" class=\"alignright size-full wp-image-42216\" src=\"https:\/\/arumbear.com\/ve\/wp-content\/uploads\/2024\/10\/landa02.jpg\" alt=\"\" width=\"350\" height=\"525\" srcset=\"https:\/\/arumbear.com\/ve\/wp-content\/uploads\/2024\/10\/landa02.jpg 350w, https:\/\/arumbear.com\/ve\/wp-content\/uploads\/2024\/10\/landa02-200x300.jpg 200w, https:\/\/arumbear.com\/ve\/wp-content\/uploads\/2024\/10\/landa02-280x420.jpg 280w\" sizes=\"auto, (max-width: 350px) 100vw, 350px\" \/><\/p>\n<p>El single -que es una balada que habla de desamor- refleja la identidad musical de Landa y, adem\u00e1s, viene acompa\u00f1ado de un material audiovisual que muestra lo sencillo que se le da hacer m\u00fasica, pero dejando ver su potente calidad vocal.<\/p>\n<p>\u201cEn la b\u00fasqueda de encontrar mi propio sonido y hacer exactamente lo que me gusta, nace \u2018Rotos\u2019: Una canci\u00f3n que me ense\u00f1\u00f3 mucho el poder que tiene sacar lo que sientes en tu cabeza y convertirlo en arte \u2013cuenta. Ese sentimiento que tenemos los seres humanos al momento de terminar una relaci\u00f3n en donde nos sentimos fracturados, nos reprochamos si hicimos lo correcto o si cometimos errores, donde el orgullo nos juega una mala pasada y nos hace alejarnos de la persona que queremos, donde nos toca recordar todos esos planes que nos prometimos cumplir y no se lograron\u201d.<\/p>\n<p>Este primer sencillo, sin duda, es algo relevante en su carrera musical, ya que le permite retomar una de sus m\u00e1s grandes pasiones.<\/p>\n<p>\u201cDesde mi trayecto en El Encuentro siempre sent\u00ed la necesidad de mostrarle al p\u00fablico que nos segu\u00eda qui\u00e9n era Landa, cosa que era complicado ya que en la agrupaci\u00f3n se manejaban ciertas tendencias que, quiz\u00e1s, distorsionaban un poco mi personalidad. Es por ello que decido comenzar con \u2018Rotos\u2019, pues quiero mostrar un poco lo que soy: Alguien que ama la m\u00fasica en todos sus \u00e1mbitos, desde lo m\u00e1s simple a lo m\u00e1s complejo\u201d, dice.<\/p>\n<p><img loading=\"lazy\" decoding=\"async\" class=\"size-full wp-image-42217 alignleft\" src=\"https:\/\/arumbear.com\/ve\/wp-content\/uploads\/2024\/10\/landa03.jpg\" alt=\"\" width=\"350\" height=\"532\" srcset=\"https:\/\/arumbear.com\/ve\/wp-content\/uploads\/2024\/10\/landa03.jpg 350w, https:\/\/arumbear.com\/ve\/wp-content\/uploads\/2024\/10\/landa03-197x300.jpg 197w, https:\/\/arumbear.com\/ve\/wp-content\/uploads\/2024\/10\/landa03-276x420.jpg 276w\" sizes=\"auto, (max-width: 350px) 100vw, 350px\" \/><\/p>\n<p>En la autor\u00eda de la canci\u00f3n participan el propio int\u00e9rprete y su amigo y ex compa\u00f1ero de agrupaci\u00f3n, Dani Sanz; mientras que la producci\u00f3n tambi\u00e9n estuvo a su cargo junto a Adri\u00e1n Ordaz. En ella, indudablemente est\u00e1 plasmada su identidad art\u00edstica, y agrega que \u201ceste single es muy especial para m\u00ed porque representa, en s\u00ed, la verdadera esencia del ser humano cuando est\u00e1 herido por un desamor\u201d.<\/p>\n<p>\u201cRotos\u201d se convierte en la punta de lanza de esta nueva etapa que, sin lugar a dudas, seguir\u00e1 cautivando al p\u00fablico, y adelanta lo que viene para su carrera.<\/p>\n<p>\u201cTenemos pensado sacar tres temas en lo que queda de a\u00f1o. De verdad tengo mucha m\u00fasica para compartir y estoy s\u00faper ansioso de que la disfruten, como lo hago yo. De m\u00ed solo pueden esperar eso: Muchas canciones llenas de letras bonitas, hechas con mucho cari\u00f1o y pasi\u00f3n. Solo quiero que disfruten de lo que me apasiona hacer y que conecten con este proyecto de una manera genuina.<\/p>\n<p><strong>Para estar al d\u00eda con todos sus proyectos y contenido del artista, no duden en seguirlo a trav\u00e9s de sus redes sociales como<\/strong> <a href=\"https:\/\/www.instagram.com\/landamusica\" target=\"_blank\" rel=\"noopener\"><strong>@landamusica<\/strong><\/a><\/p>\n<p><iframe loading=\"lazy\" title=\"Rotos - Luije Landa (Video Oficial)\" width=\"640\" height=\"360\" src=\"https:\/\/www.youtube.com\/embed\/oO_FoJVq6AU?feature=oembed\" frameborder=\"0\" allow=\"accelerometer; autoplay; clipboard-write; encrypted-media; gyroscope; picture-in-picture; web-share\" referrerpolicy=\"strict-origin-when-cross-origin\" allowfullscreen><\/iframe><\/p>\n<hr>\n<p><em>Prensa: Giseli Elie \/ <a href=\"https:\/\/www.instagram.com\/bygiselielie\" target=\"_blank\" rel=\"noopener\">@bygiselielie<\/a><\/em><\/p>\n","protected":false},"excerpt":{"rendered":"<p>Con una propuesta que deja ver su esencia como artista, el talentoso int\u00e9rprete comienza una nueva etapa en su camino musical, ese que inici\u00f3 en El Encuentro, la \u00faltima y muy exitosa agrupaci\u00f3n de polifon\u00eda vocal en Venezuela. Irrumpi\u00f3 en la industria cuando estuvo en un conocido reality de televisi\u00f3n y, de all\u00ed, form\u00f3 parte <\/p>\n","protected":false},"author":3,"featured_media":42215,"comment_status":"closed","ping_status":"open","sticky":false,"template":"","format":"standard","meta":{"footnotes":""},"categories":[2,230,232],"tags":[],"class_list":["post-42212","post","type-post","status-publish","format-standard","has-post-thumbnail","hentry","category-featured","category-musica","category-nacional"],"_links":{"self":[{"href":"https:\/\/arumbear.com\/ve\/wp-json\/wp\/v2\/posts\/42212","targetHints":{"allow":["GET"]}}],"collection":[{"href":"https:\/\/arumbear.com\/ve\/wp-json\/wp\/v2\/posts"}],"about":[{"href":"https:\/\/arumbear.com\/ve\/wp-json\/wp\/v2\/types\/post"}],"author":[{"embeddable":true,"href":"https:\/\/arumbear.com\/ve\/wp-json\/wp\/v2\/users\/3"}],"replies":[{"embeddable":true,"href":"https:\/\/arumbear.com\/ve\/wp-json\/wp\/v2\/comments?post=42212"}],"version-history":[{"count":4,"href":"https:\/\/arumbear.com\/ve\/wp-json\/wp\/v2\/posts\/42212\/revisions"}],"predecessor-version":[{"id":42219,"href":"https:\/\/arumbear.com\/ve\/wp-json\/wp\/v2\/posts\/42212\/revisions\/42219"}],"wp:featuredmedia":[{"embeddable":true,"href":"https:\/\/arumbear.com\/ve\/wp-json\/wp\/v2\/media\/42215"}],"wp:attachment":[{"href":"https:\/\/arumbear.com\/ve\/wp-json\/wp\/v2\/media?parent=42212"}],"wp:term":[{"taxonomy":"category","embeddable":true,"href":"https:\/\/arumbear.com\/ve\/wp-json\/wp\/v2\/categories?post=42212"},{"taxonomy":"post_tag","embeddable":true,"href":"https:\/\/arumbear.com\/ve\/wp-json\/wp\/v2\/tags?post=42212"}],"curies":[{"name":"wp","href":"https:\/\/api.w.org\/{rel}","templated":true}]}}