{"id":44837,"date":"2025-03-01T15:43:35","date_gmt":"2025-03-01T19:43:35","guid":{"rendered":"https:\/\/arumbear.com\/ve\/?p=44837"},"modified":"2025-03-20T00:02:11","modified_gmt":"2025-03-20T04:02:11","slug":"orieliz-rincon-lanza-su-primer-sencillo-inedito-se-me-ha-hecho-fuerte-el-corazon","status":"publish","type":"post","link":"https:\/\/arumbear.com\/ve\/orieliz-rincon-lanza-su-primer-sencillo-inedito-se-me-ha-hecho-fuerte-el-corazon\/","title":{"rendered":"Orieliz Rinc\u00f3n lanza su primer sencillo in\u00e9dito \u201cSe me ha hecho fuerte el coraz\u00f3n\u201d"},"content":{"rendered":"\n<p><em><strong>La cantante zuliana, Orieliz Rinc\u00f3n, ha dado un gran paso en su carrera art\u00edstica con el estreno de su primer tema in\u00e9dito titulado \u201cSe me ha hecho fuerte el coraz\u00f3n\u201d.<\/strong><\/em> La canci\u00f3n, que promete conquistar corazones, ha sido compuesta y producida por Hugo Fuguet y mezclada por Iker Gastaminza.<\/p>\n\n\n\n<p>Con su poderosa voz y emotivas letras, Orieliz Rinc\u00f3n busca conectar profundamente con su audiencia y transmitir un mensaje de fortaleza y superaci\u00f3n. \u201cSe me ha hecho fuerte el coraz\u00f3n\u201d es un pop-rock que destaca por su melod\u00eda cautivadora y su producci\u00f3n impecable.<\/p>\n\n\n\n<p>La letra de \u00abSe me ha hecho fuerte el coraz\u00f3n\u00bb refleja un viaje personal de lucha y esperanza, record\u00e1ndonos que la verdadera fortaleza surge de enfrentar y superar nuestros miedos. La canci\u00f3n transmite un mensaje de resiliencia, alentando a los oyentes a encontrar fuerza en medio de la adversidad. <\/p>\n\n\n<div class=\"wp-block-image\">\n<figure class=\"alignright size-full\"><a href=\"https:\/\/arumbear.com\/ve\/wp-content\/uploads\/2025\/03\/orieliz02.jpg\"><img loading=\"lazy\" decoding=\"async\" width=\"350\" height=\"525\" src=\"https:\/\/arumbear.com\/ve\/wp-content\/uploads\/2025\/03\/orieliz02.jpg\" alt=\"\" class=\"wp-image-44840\" srcset=\"https:\/\/arumbear.com\/ve\/wp-content\/uploads\/2025\/03\/orieliz02.jpg 350w, https:\/\/arumbear.com\/ve\/wp-content\/uploads\/2025\/03\/orieliz02-200x300.jpg 200w, https:\/\/arumbear.com\/ve\/wp-content\/uploads\/2025\/03\/orieliz02-280x420.jpg 280w\" sizes=\"auto, (max-width: 350px) 100vw, 350px\" \/><\/a><\/figure><\/div>\n\n\n<p>Es un tema que empodera y ofrece consuelo a quienes enfrentan desaf\u00edos en sus vidas. Aborda temas universales como el miedo, la soledad y la autoconfianza, haciendo que muchos oyentes se sientan identificados con su mensaje. La sinceridad de la letra permite que cada persona encuentre un fragmento de su propia historia en la canci\u00f3n.<\/p>\n\n\n\n<p>Este lanzamiento marca un hito significativo en la carrera de Orieliz Rinc\u00f3n, present\u00e1ndola como una artista que no solo tiene talento, sino tambi\u00e9n una profunda capacidad para conectar con su audiencia a trav\u00e9s de su m\u00fasica. Orieliz, quien ha trabajado arduamente para hacer realidad este lanzamiento, expres\u00f3 su entusiasmo y agradecimiento por el apoyo recibido: \u201cEste sencillo es muy especial para m\u00ed, ya que refleja una etapa importante de mi vida. Agradezco a todos los que han sido parte de este proyecto y han cre\u00eddo en mi m\u00fasica\u201d.<\/p>\n\n\n\n<p>El lanzamiento de \u201cSe me ha hecho fuerte el coraz\u00f3n\u201d marca el comienzo de una nueva etapa en la carrera de Orieliz Rinc\u00f3n, quien est\u00e1 decidida a dejar una huella en la industria musical. Su autenticidad y pasi\u00f3n por la m\u00fasica la convierten en una artista prometedora a seguir de cerca.<\/p>\n\n\n\n<hr class=\"wp-block-separator has-text-color has-luminous-vivid-orange-color has-alpha-channel-opacity has-luminous-vivid-orange-background-color has-background is-style-wide\"\/>\n\n\n\n<p><em>Prensa: Oscar Torres\u00a0\/\u00a0<a href=\"https:\/\/www.instagram.com\/Oskarmanager\" target=\"_blank\" rel=\"noreferrer noopener\">@Oskarmanager<\/a> &#8211; <a href=\"https:\/\/www.instagram.com\/thecelebritycompany\" data-type=\"link\" data-id=\"https:\/\/www.instagram.com\/thecelebritycompany\" target=\"_blank\" rel=\"noreferrer noopener\">@thecelebritycompany<\/a><\/em><\/p>\n\n\n\n<hr class=\"wp-block-separator has-text-color has-luminous-vivid-orange-color has-alpha-channel-opacity has-luminous-vivid-orange-background-color has-background is-style-dots\"\/>\n","protected":false},"excerpt":{"rendered":"<p>La cantante zuliana, Orieliz Rinc\u00f3n, ha dado un gran paso en su carrera art\u00edstica con el estreno de su primer tema in\u00e9dito titulado \u201cSe me ha hecho fuerte el coraz\u00f3n\u201d. La canci\u00f3n, que promete conquistar corazones, ha sido compuesta y producida por Hugo Fuguet y mezclada por Iker Gastaminza. Con su poderosa voz y emotivas <\/p>\n","protected":false},"author":3,"featured_media":44839,"comment_status":"closed","ping_status":"open","sticky":false,"template":"","format":"standard","meta":{"footnotes":""},"categories":[2,230,232],"tags":[],"class_list":["post-44837","post","type-post","status-publish","format-standard","has-post-thumbnail","hentry","category-featured","category-musica","category-nacional"],"_links":{"self":[{"href":"https:\/\/arumbear.com\/ve\/wp-json\/wp\/v2\/posts\/44837","targetHints":{"allow":["GET"]}}],"collection":[{"href":"https:\/\/arumbear.com\/ve\/wp-json\/wp\/v2\/posts"}],"about":[{"href":"https:\/\/arumbear.com\/ve\/wp-json\/wp\/v2\/types\/post"}],"author":[{"embeddable":true,"href":"https:\/\/arumbear.com\/ve\/wp-json\/wp\/v2\/users\/3"}],"replies":[{"embeddable":true,"href":"https:\/\/arumbear.com\/ve\/wp-json\/wp\/v2\/comments?post=44837"}],"version-history":[{"count":2,"href":"https:\/\/arumbear.com\/ve\/wp-json\/wp\/v2\/posts\/44837\/revisions"}],"predecessor-version":[{"id":44841,"href":"https:\/\/arumbear.com\/ve\/wp-json\/wp\/v2\/posts\/44837\/revisions\/44841"}],"wp:featuredmedia":[{"embeddable":true,"href":"https:\/\/arumbear.com\/ve\/wp-json\/wp\/v2\/media\/44839"}],"wp:attachment":[{"href":"https:\/\/arumbear.com\/ve\/wp-json\/wp\/v2\/media?parent=44837"}],"wp:term":[{"taxonomy":"category","embeddable":true,"href":"https:\/\/arumbear.com\/ve\/wp-json\/wp\/v2\/categories?post=44837"},{"taxonomy":"post_tag","embeddable":true,"href":"https:\/\/arumbear.com\/ve\/wp-json\/wp\/v2\/tags?post=44837"}],"curies":[{"name":"wp","href":"https:\/\/api.w.org\/{rel}","templated":true}]}}