{"id":44848,"date":"2025-03-01T16:19:16","date_gmt":"2025-03-01T20:19:16","guid":{"rendered":"https:\/\/arumbear.com\/ve\/?p=44848"},"modified":"2025-03-21T23:41:01","modified_gmt":"2025-03-22T03:41:01","slug":"cesar-mendoza-lanza-su-nueva-cancion-morichal-de-mis-recuerdos","status":"publish","type":"post","link":"https:\/\/arumbear.com\/ve\/cesar-mendoza-lanza-su-nueva-cancion-morichal-de-mis-recuerdos\/","title":{"rendered":"C\u00e9sar Mendoza lanza su nueva canci\u00f3n \u201cMorichal de mis recuerdos\u201d"},"content":{"rendered":"\n<p><strong><em>El reconocido cantante, compositor y cuatrista venezolano C\u00e9sar Mendoza <a href=\"https:\/\/www.instagram.com\/cesar4mendoza\" data-type=\"link\" data-id=\"https:\/\/www.instagram.com\/cesar4mendoza\" target=\"_blank\" rel=\"noreferrer noopener\">@cesar4mendoza<\/a>, oriundo del estado Bol\u00edvar y residente en Estados Unidos, lanz\u00f3 su nueva canci\u00f3n \u00abMorichal de mis recuerdos\u00bb.<\/em><\/strong><\/p>\n\n\n\n<p>Este nuevo tema, disponible en todas las plataformas digitales como Spotify, Apple Music, entre otras, y con el video oficial en su canal de YouTube, es una pieza llena de recuerdos y emociones.<\/p>\n\n\n\n<p>Seg\u00fan Mendoza, la canci\u00f3n fue escrita en el a\u00f1o 2023, inspirada en los bonitos momentos vividos en los morichales-considerados como los guardianes de la Sabana, ya que suelen estar en tierras bajas con suelos inundados- y campos familiares durante su ni\u00f1ez y juventud.<\/p>\n\n\n<div class=\"wp-block-image\">\n<figure class=\"alignright size-full\"><a href=\"https:\/\/arumbear.com\/ve\/wp-content\/uploads\/2025\/03\/cesar02.jpg\"><img loading=\"lazy\" decoding=\"async\" width=\"350\" height=\"505\" src=\"https:\/\/arumbear.com\/ve\/wp-content\/uploads\/2025\/03\/cesar02.jpg\" alt=\"\" class=\"wp-image-44850\" srcset=\"https:\/\/arumbear.com\/ve\/wp-content\/uploads\/2025\/03\/cesar02.jpg 350w, https:\/\/arumbear.com\/ve\/wp-content\/uploads\/2025\/03\/cesar02-208x300.jpg 208w, https:\/\/arumbear.com\/ve\/wp-content\/uploads\/2025\/03\/cesar02-291x420.jpg 291w\" sizes=\"auto, (max-width: 350px) 100vw, 350px\" \/><\/a><\/figure><\/div>\n\n\n<p>\u00abComenc\u00e9\u0301 con la frase &#8216;Ayer Sal\u00ed a la Sabana&#8217; y un par de acordes en mi cuatro. All\u00ed\u0301 lleg\u00f3 la musa, y me fui recreando en recuerdos, y as\u00ed\u0301 naci\u00f3\u0301 esta canci\u00f3n\u00bb, coment\u00f3 el artista, quien en diciembre de 2023 lanz\u00f3 su EP \u00abA mi tierra y a mi gente\u00bb.<\/p>\n\n\n\n<p>La producci\u00f3n musical de \u00abMorichal de mis recuerdos\u00bb estuvo a cargo de la Agrupaci\u00f3n Auyantepuy del maestro \u00c1ngel Luis Castillo, mientras que la voz fue grabada en los estudios de Serini y Serini en Katy, Texas. La filmaci\u00f3n del video se realiz\u00f3\u0301 en las instalaciones de Sabaneros Ranch, tambi\u00e9n en Katy, Texas.<\/p>\n\n\n\n<p>C\u00e9sar Mendoza tambi\u00e9n adelant\u00f3 que en abril estrenar\u00e1 un cover tributo a uno de sus cantantes de m\u00fasica llanera preferidos. \u00abSeguir\u00e9\u0301 haciendo m\u00fasica, trabajando por nuestro folklore y demostrando que los venezolanos buenos somos m\u00e1s\u00bb, concluy\u00f3 Mendoza.<\/p>\n\n\n\n<p>Mantente al tanto de las novedades de C\u00e9sar Mendoza y disfruta de \u00abMorichal de mis recuerdos\u00bb en todas las plataformas digitales.<\/p>\n\n\n\n<p><strong>Redes sociales: <a href=\"https:\/\/www.instagram.com\/cesar4mendoza\" data-type=\"link\" data-id=\"https:\/\/www.instagram.com\/cesar4mendoza\" target=\"_blank\" rel=\"noreferrer noopener\">@cesar4mendoza<\/a><\/strong><\/p>\n\n\n\n<figure class=\"wp-block-embed is-type-video is-provider-youtube wp-block-embed-youtube wp-embed-aspect-16-9 wp-has-aspect-ratio\"><div class=\"wp-block-embed__wrapper\">\n<iframe loading=\"lazy\" title=\"C\u00e9sar Mendoza - Morichal de Mis Recuerdos (Video Oficial)\" width=\"640\" height=\"360\" src=\"https:\/\/www.youtube.com\/embed\/c9cAw736x-8?feature=oembed\" frameborder=\"0\" allow=\"accelerometer; autoplay; clipboard-write; encrypted-media; gyroscope; picture-in-picture; web-share\" referrerpolicy=\"strict-origin-when-cross-origin\" allowfullscreen><\/iframe>\n<\/div><\/figure>\n\n\n\n<hr class=\"wp-block-separator has-text-color has-luminous-vivid-orange-color has-alpha-channel-opacity has-luminous-vivid-orange-background-color has-background is-style-wide\"\/>\n\n\n\n<p><em>Prensa: Gabriela Suniaga \/\u00a0<a href=\"https:\/\/www.instagram.com\/gabrielasuniaga\" target=\"_blank\" rel=\"noreferrer noopener\">@gabrielasuniaga<\/a><\/em><\/p>\n\n\n\n<hr class=\"wp-block-separator has-text-color has-luminous-vivid-orange-color has-alpha-channel-opacity has-luminous-vivid-orange-background-color has-background is-style-wide\"\/>\n","protected":false},"excerpt":{"rendered":"<p>El reconocido cantante, compositor y cuatrista venezolano C\u00e9sar Mendoza @cesar4mendoza, oriundo del estado Bol\u00edvar y residente en Estados Unidos, lanz\u00f3 su nueva canci\u00f3n \u00abMorichal de mis recuerdos\u00bb. Este nuevo tema, disponible en todas las plataformas digitales como Spotify, Apple Music, entre otras, y con el video oficial en su canal de YouTube, es una pieza <\/p>\n","protected":false},"author":3,"featured_media":44849,"comment_status":"closed","ping_status":"open","sticky":false,"template":"","format":"standard","meta":{"footnotes":""},"categories":[2,230,232],"tags":[],"class_list":["post-44848","post","type-post","status-publish","format-standard","has-post-thumbnail","hentry","category-featured","category-musica","category-nacional"],"_links":{"self":[{"href":"https:\/\/arumbear.com\/ve\/wp-json\/wp\/v2\/posts\/44848","targetHints":{"allow":["GET"]}}],"collection":[{"href":"https:\/\/arumbear.com\/ve\/wp-json\/wp\/v2\/posts"}],"about":[{"href":"https:\/\/arumbear.com\/ve\/wp-json\/wp\/v2\/types\/post"}],"author":[{"embeddable":true,"href":"https:\/\/arumbear.com\/ve\/wp-json\/wp\/v2\/users\/3"}],"replies":[{"embeddable":true,"href":"https:\/\/arumbear.com\/ve\/wp-json\/wp\/v2\/comments?post=44848"}],"version-history":[{"count":2,"href":"https:\/\/arumbear.com\/ve\/wp-json\/wp\/v2\/posts\/44848\/revisions"}],"predecessor-version":[{"id":44852,"href":"https:\/\/arumbear.com\/ve\/wp-json\/wp\/v2\/posts\/44848\/revisions\/44852"}],"wp:featuredmedia":[{"embeddable":true,"href":"https:\/\/arumbear.com\/ve\/wp-json\/wp\/v2\/media\/44849"}],"wp:attachment":[{"href":"https:\/\/arumbear.com\/ve\/wp-json\/wp\/v2\/media?parent=44848"}],"wp:term":[{"taxonomy":"category","embeddable":true,"href":"https:\/\/arumbear.com\/ve\/wp-json\/wp\/v2\/categories?post=44848"},{"taxonomy":"post_tag","embeddable":true,"href":"https:\/\/arumbear.com\/ve\/wp-json\/wp\/v2\/tags?post=44848"}],"curies":[{"name":"wp","href":"https:\/\/api.w.org\/{rel}","templated":true}]}}