{"id":46571,"date":"2025-06-07T13:09:46","date_gmt":"2025-06-07T17:09:46","guid":{"rendered":"https:\/\/arumbear.com\/ve\/?p=46571"},"modified":"2025-06-26T22:18:32","modified_gmt":"2025-06-27T02:18:32","slug":"josefe-presenta-su-primer-album-platonico-tropical","status":"publish","type":"post","link":"https:\/\/arumbear.com\/ve\/josefe-presenta-su-primer-album-platonico-tropical\/","title":{"rendered":"JOSEFE presenta su primer \u00e1lbum, \u201cPlat\u00f3nico Tropical\u201d"},"content":{"rendered":"\n<p><em><strong>Y estrena el video de \u201cPa\u2019 olvida ese coraz\u00f3n\u201d<\/strong><\/em><\/p>\n\n\n\n<p>El artista colombiano JOSEFE presenta su primer \u00e1lbum de estudio, \u201cPlat\u00f3nico Tropical\u201d, una producci\u00f3n de 10 canciones que mezcla pop latino con sonidos tradicionales de la m\u00fasica colombiana. El disco recoge vivencias personales en clave de amor, desamor, memoria y baile, consolidando su propuesta musical como un puente entre lo contempor\u00e1neo y lo tropical.<\/p>\n\n\n\n<p>JOSEFE, actualmente radicado en Miami, inici\u00f3 la promoci\u00f3n del disco en 2024 con varios sencillos lanzados estrat\u00e9gicamente en medios de Cali y Medell\u00edn. Desde entonces, ha fortalecido su carrera con presentaciones en vivo y una base de seguidores que ha crecido de forma org\u00e1nica en Estados Unidos y Colombia.<\/p>\n\n\n\n<figure class=\"wp-block-image size-full\"><a href=\"https:\/\/arumbear.com\/ve\/wp-content\/uploads\/2025\/06\/josefe03.jpg\"><img loading=\"lazy\" decoding=\"async\" width=\"700\" height=\"450\" src=\"https:\/\/arumbear.com\/ve\/wp-content\/uploads\/2025\/06\/josefe03.jpg\" alt=\"\" class=\"wp-image-46575\" srcset=\"https:\/\/arumbear.com\/ve\/wp-content\/uploads\/2025\/06\/josefe03.jpg 700w, https:\/\/arumbear.com\/ve\/wp-content\/uploads\/2025\/06\/josefe03-300x193.jpg 300w, https:\/\/arumbear.com\/ve\/wp-content\/uploads\/2025\/06\/josefe03-696x447.jpg 696w, https:\/\/arumbear.com\/ve\/wp-content\/uploads\/2025\/06\/josefe03-653x420.jpg 653w\" sizes=\"auto, (max-width: 700px) 100vw, 700px\" \/><\/a><\/figure>\n\n\n\n<p class=\"has-white-color has-text-color has-link-color wp-elements-f520304302c0d22e487c223f564b8190\">A<\/p>\n\n\n\n<p><strong>UNA FUSI\u00d3N PERSONAL Y TROPICAL<\/strong><br>\u201cPlat\u00f3nico Tropical\u201d es una narraci\u00f3n musical sobre relaciones fallidas, afectos incompletos y recuerdos persistentes, temas que JOSEFE describe como \u201camores que se quedaron a mitad de camino y se volvieron plat\u00f3nicos\u201d. Cada canci\u00f3n est\u00e1 te\u00f1ida por los paisajes sonoros de su infancia en Cali: salsa, champeta, chirim\u00eda y sonoridades del Pac\u00edfico y el Caribe, siempre con un enfoque pop que \u00e9l define como \u201cpop tropical\u201d.<\/p>\n\n\n\n<p><strong>Entre las colaboraciones m\u00e1s destacadas del \u00e1lbum se encuentran:<\/strong><\/p>\n\n\n\n<ul class=\"wp-block-list\">\n<li>Tato Marenco, Felipe Molinares en el tema \u201cA la Playa Bailar\u201d<\/li>\n\n\n\n<li>Cornelio Rey, en \u201c\u00bfCu\u00e1nto Te Quiero?\u201d<\/li>\n<\/ul>\n\n\n\n<p>El enfoque r\u00edtmico y narrativo de cada canci\u00f3n est\u00e1 acompa\u00f1ado por la trompeta de JOSEFE, instrumento que ha sido parte de su identidad art\u00edstica desde la infancia.<\/p>\n\n\n<div class=\"wp-block-image\">\n<figure class=\"aligncenter size-full\"><a href=\"https:\/\/arumbear.com\/ve\/wp-content\/uploads\/2025\/06\/josefe02.jpg\"><img loading=\"lazy\" decoding=\"async\" width=\"700\" height=\"369\" src=\"https:\/\/arumbear.com\/ve\/wp-content\/uploads\/2025\/06\/josefe02.jpg\" alt=\"\" class=\"wp-image-46574\" srcset=\"https:\/\/arumbear.com\/ve\/wp-content\/uploads\/2025\/06\/josefe02.jpg 700w, https:\/\/arumbear.com\/ve\/wp-content\/uploads\/2025\/06\/josefe02-300x158.jpg 300w, https:\/\/arumbear.com\/ve\/wp-content\/uploads\/2025\/06\/josefe02-696x367.jpg 696w\" sizes=\"auto, (max-width: 700px) 100vw, 700px\" \/><\/a><\/figure><\/div>\n\n\n<p class=\"has-white-color has-text-color has-link-color wp-elements-f520304302c0d22e487c223f564b8190\">A<\/p>\n\n\n\n<p><strong>\u201cPA\u2019 OLVIDA ESE CORAZ\u00d3N\u201d: EL CIERRE PERFECTO<\/strong><br>El sencillo principal de esta nueva etapa es \u201cPa\u2019 Olvida ese Coraz\u00f3n\u201d, una salsa coescrita por JOSEFE y Alejandro Sanz, resultado de una improvisaci\u00f3n espont\u00e1nea entre ambos artistas en Miami. Durante una noche de m\u00fasica, Sanz improvis\u00f3 unos versos mientras JOSEFE lo acompa\u00f1aba con su trompeta. De ese momento surgi\u00f3 una maqueta que, con el tiempo y la aprobaci\u00f3n del cantautor espa\u00f1ol, se convirti\u00f3 en la canci\u00f3n que cierra y da sentido a todo el disco.<\/p>\n\n\n\n<p>\u201cVolver a la salsa era importante para m\u00ed. Esta canci\u00f3n cierra el ciclo del \u00e1lbum y conecta con mis ra\u00edces. Es una de las piezas m\u00e1s personales del proyecto\u201d, afirma JOSEFE.<\/p>\n\n\n\n<p>\u201cPlat\u00f3nico Tropical\u201d fue un proceso de m\u00e1s de tres a\u00f1os de b\u00fasqueda musical y exploraci\u00f3n creativa. La producci\u00f3n principal estuvo a cargo de Johnny Lans (Cali), con aportes adicionales de Mar\u00eda Elisa Ayerbe (Miami), quien ayud\u00f3 a pulir la est\u00e9tica final del \u00e1lbum.<\/p>\n\n\n\n<p>La mezcla y la ingenier\u00eda de sonido estuvieron a cargo de un equipo colaborativo entre Cali y Miami, y el proceso de masterizaci\u00f3n fue realizado por el ingeniero brasile\u00f1o Carlos Freitas, reconocido por su trabajo con artistas de talla internacional.<\/p>\n\n\n\n<p>El \u00e1lbum estar\u00e1 disponible en todas las plataformas digitales a partir del 29 de mayo de 2025. Adem\u00e1s, en junio saldr\u00e1 una edici\u00f3n especial en formato vinilo, y se realizar\u00e1n presentaciones en vivo en Miami, seguidas de una gira por Bogot\u00e1, Medell\u00edn, Cali, Barranquilla y Pereira.<\/p>\n\n\n\n<figure class=\"wp-block-image size-full\"><a href=\"https:\/\/arumbear.com\/ve\/wp-content\/uploads\/2025\/06\/josefe04.jpg\"><img loading=\"lazy\" decoding=\"async\" width=\"700\" height=\"450\" src=\"https:\/\/arumbear.com\/ve\/wp-content\/uploads\/2025\/06\/josefe04.jpg\" alt=\"\" class=\"wp-image-46576\" srcset=\"https:\/\/arumbear.com\/ve\/wp-content\/uploads\/2025\/06\/josefe04.jpg 700w, https:\/\/arumbear.com\/ve\/wp-content\/uploads\/2025\/06\/josefe04-300x193.jpg 300w, https:\/\/arumbear.com\/ve\/wp-content\/uploads\/2025\/06\/josefe04-696x447.jpg 696w, https:\/\/arumbear.com\/ve\/wp-content\/uploads\/2025\/06\/josefe04-653x420.jpg 653w\" sizes=\"auto, (max-width: 700px) 100vw, 700px\" \/><\/a><\/figure>\n\n\n\n<p class=\"has-white-color has-text-color has-link-color wp-elements-f520304302c0d22e487c223f564b8190\">A<\/p>\n\n\n\n<p><strong>ACERCA DE JOSEFE<\/strong><br>Nacido en Cali, Colombia (1986), JOSEFE pertenece a la generaci\u00f3n millennial y es fruto del rico paisaje musical colombiano de los a\u00f1os 90 y 2000. Su formaci\u00f3n temprana estuvo marcada por la salsa, el bolero, el tango y las m\u00fasicas andinas, influencias que se reflejan en su versatilidad art\u00edstica. M\u00fasico inquieto y extrovertido, ingres\u00f3 al conservatorio de Cali y posteriormente al Liceo de Barcelona en 2011, donde fue becado y destacado como uno de los ocho mejores trompetistas latinoamericanos.<\/p>\n\n\n\n<p>Con una trayectoria que cruza la academia y la industria, ha trabajado como arreglista, director y productor con artistas de talla internacional como Ceelo Green, Laura Pausini, Juan Luis Guerra, Ricardo Montaner, Grupo Niche, Choquibtown, Richie Ray, Yuri Buenaventura, Manuel Medrano, Mau y Ricky entre muchos otros.<\/p>\n\n\n\n<p>En Colombia, se le reconoci\u00f3 como fundador y l\u00edder del proyecto To\u00f1o Barrio, banda de salsa y funk que dej\u00f3 huella en la escena cultural nacional con giras y producciones significativas durante m\u00e1s de una d\u00e9cada.<\/p>\n\n\n\n<p>Luego de su primer EP como solista, \u201cRomances Confinados\u201d, grabado en Miami durante el confinamiento, JOSEFE regresa en 2025 con su segundo \u00e1lbum de estudio: \u201cPlat\u00f3nico Tropical\u201d, una obra de 10 canciones donde el artista combina pop, salsa, champeta y sonidos del Caribe colombiano, a partir de experiencias personales de amor y desamor.<\/p>\n\n\n\n<p>El \u00e1lbum incluye colaboraciones con Tato Marenco, Felipe Molinares y Cornelio Rey, y tiene como sencillo principal \u201cPa\u2019 Olvida ese Coraz\u00f3n\u201d, coescrita junto al reconocido artista Alejandro Sanz, en una sesi\u00f3n improvisada que marc\u00f3 profundamente el cierre del disco.<\/p>\n\n\n\n<p>Grabado entre Cali y Miami, producido por Johnny Lans y Mar\u00eda Liza Yerbe, y masterizado por Carlos Freitas, el \u00e1lbum representa una consolidaci\u00f3n art\u00edstica para JOSEFE, quien ha construido su carrera paso a paso, mezclando ra\u00edz y modernidad con una propuesta que llama pop tropical.<\/p>\n\n\n\n<p>Desde su casa frente al mar en Miami, JOSEFE contin\u00faa creando una m\u00fasica cercana, aut\u00e9ntica y cargada de identidad, con el coraz\u00f3n puesto en lo que ha sido, lo que ama y lo que sue\u00f1a.<\/p>\n\n\n\n<figure class=\"wp-block-embed is-type-video is-provider-youtube wp-block-embed-youtube wp-embed-aspect-16-9 wp-has-aspect-ratio\"><div class=\"wp-block-embed__wrapper\">\n<iframe loading=\"lazy\" title=\"JOSEFE - Pa Olvida Ese Coraz\u00f3n\" width=\"640\" height=\"360\" src=\"https:\/\/www.youtube.com\/embed\/x8neCmcKgAs?feature=oembed\" frameborder=\"0\" allow=\"accelerometer; autoplay; clipboard-write; encrypted-media; gyroscope; picture-in-picture; web-share\" referrerpolicy=\"strict-origin-when-cross-origin\" allowfullscreen><\/iframe>\n<\/div><\/figure>\n\n\n\n<hr class=\"wp-block-separator has-text-color has-luminous-vivid-orange-color has-alpha-channel-opacity has-luminous-vivid-orange-background-color has-background is-style-wide\"\/>\n\n\n\n<p><em>Prensa: Ramos Garc\u00eda Comunicaciones<br>Bogot\u00e1 \u2013 Colombia \/\u00a0<a href=\"https:\/\/www.instagram.com\/RamosGarciaCom\" target=\"_blank\" rel=\"noreferrer noopener\">@RamosGarciaCom<\/a><\/em><\/p>\n\n\n\n<hr class=\"wp-block-separator has-text-color has-luminous-vivid-orange-color has-alpha-channel-opacity has-luminous-vivid-orange-background-color has-background is-style-wide\"\/>\n","protected":false},"excerpt":{"rendered":"<p>Y estrena el video de \u201cPa\u2019 olvida ese coraz\u00f3n\u201d El artista colombiano JOSEFE presenta su primer \u00e1lbum de estudio, \u201cPlat\u00f3nico Tropical\u201d, una producci\u00f3n de 10 canciones que mezcla pop latino con sonidos tradicionales de la m\u00fasica colombiana. El disco recoge vivencias personales en clave de amor, desamor, memoria y baile, consolidando su propuesta musical como <\/p>\n","protected":false},"author":3,"featured_media":46573,"comment_status":"closed","ping_status":"open","sticky":false,"template":"","format":"standard","meta":{"footnotes":""},"categories":[2,231,230],"tags":[],"class_list":["post-46571","post","type-post","status-publish","format-standard","has-post-thumbnail","hentry","category-featured","category-internacional","category-musica"],"_links":{"self":[{"href":"https:\/\/arumbear.com\/ve\/wp-json\/wp\/v2\/posts\/46571","targetHints":{"allow":["GET"]}}],"collection":[{"href":"https:\/\/arumbear.com\/ve\/wp-json\/wp\/v2\/posts"}],"about":[{"href":"https:\/\/arumbear.com\/ve\/wp-json\/wp\/v2\/types\/post"}],"author":[{"embeddable":true,"href":"https:\/\/arumbear.com\/ve\/wp-json\/wp\/v2\/users\/3"}],"replies":[{"embeddable":true,"href":"https:\/\/arumbear.com\/ve\/wp-json\/wp\/v2\/comments?post=46571"}],"version-history":[{"count":2,"href":"https:\/\/arumbear.com\/ve\/wp-json\/wp\/v2\/posts\/46571\/revisions"}],"predecessor-version":[{"id":46577,"href":"https:\/\/arumbear.com\/ve\/wp-json\/wp\/v2\/posts\/46571\/revisions\/46577"}],"wp:featuredmedia":[{"embeddable":true,"href":"https:\/\/arumbear.com\/ve\/wp-json\/wp\/v2\/media\/46573"}],"wp:attachment":[{"href":"https:\/\/arumbear.com\/ve\/wp-json\/wp\/v2\/media?parent=46571"}],"wp:term":[{"taxonomy":"category","embeddable":true,"href":"https:\/\/arumbear.com\/ve\/wp-json\/wp\/v2\/categories?post=46571"},{"taxonomy":"post_tag","embeddable":true,"href":"https:\/\/arumbear.com\/ve\/wp-json\/wp\/v2\/tags?post=46571"}],"curies":[{"name":"wp","href":"https:\/\/api.w.org\/{rel}","templated":true}]}}