{"id":47156,"date":"2025-07-03T20:33:59","date_gmt":"2025-07-04T00:33:59","guid":{"rendered":"https:\/\/arumbear.com\/ve\/?p=47156"},"modified":"2025-07-21T22:49:20","modified_gmt":"2025-07-22T02:49:20","slug":"alfredo-sadel-un-legado-vivo-a-36-anos-de-su-partida","status":"publish","type":"post","link":"https:\/\/arumbear.com\/ve\/alfredo-sadel-un-legado-vivo-a-36-anos-de-su-partida\/","title":{"rendered":"Alfredo\u00a0Sadel: un legado vivo a 36 a\u00f1os de su partida"},"content":{"rendered":"\n<p><strong><em>La Fundaci\u00f3n Alfredo Sadel&nbsp;invita a redescubrir&nbsp;al artista con&nbsp;material in\u00e9dito en su canal oficial de&nbsp;Youtube<\/em><\/strong><\/p>\n\n\n\n<p>Al conmemorarse el&nbsp;pasado&nbsp;28 de junio el trig\u00e9simo sexto aniversario de la desaparici\u00f3n f\u00edsica del inmortal tenor venezolano Alfredo Sadel, su legado musical permanece m\u00e1s vivo que nunca. Conocido como \u00abEl Tenor&nbsp; Favorito de Venezuela\u00bb, su voz contin\u00faa resonando en el coraz\u00f3n de varias generaciones.<\/p>\n\n\n\n<p>Para honrar su memoria y permitir que nuevas audiencias y fieles admiradores se conecten con su inigualable talento,&nbsp;la&nbsp;Fundaci\u00f3n Alfredo Sadel&nbsp;ha realizado un minucioso e importante trabajo, subiendo material in\u00e9dito al&nbsp;canal oficial de YouTube&nbsp;del cantante,&nbsp;<a href=\"https:\/\/www.youtube.com\/@AlfredoSadelOficial\" target=\"_blank\" rel=\"noreferrer noopener\"><strong>https:\/\/www.youtube.com\/@AlfredoSadelOficial<\/strong><\/a>&nbsp;e&nbsp;invita al p\u00fablico a suscribirse&nbsp;y&nbsp;explorarlo y as\u00ed ser&nbsp;el puente para que su arte perdure y se expanda&nbsp;su legado musical.<\/p>\n\n\n\n<figure class=\"wp-block-image size-full\"><a href=\"https:\/\/arumbear.com\/ve\/wp-content\/uploads\/2025\/07\/alfredo02.jpg\"><img loading=\"lazy\" decoding=\"async\" width=\"700\" height=\"416\" src=\"https:\/\/arumbear.com\/ve\/wp-content\/uploads\/2025\/07\/alfredo02.jpg\" alt=\"\" class=\"wp-image-47160\" srcset=\"https:\/\/arumbear.com\/ve\/wp-content\/uploads\/2025\/07\/alfredo02.jpg 700w, https:\/\/arumbear.com\/ve\/wp-content\/uploads\/2025\/07\/alfredo02-300x178.jpg 300w, https:\/\/arumbear.com\/ve\/wp-content\/uploads\/2025\/07\/alfredo02-696x414.jpg 696w\" sizes=\"auto, (max-width: 700px) 100vw, 700px\" \/><\/a><\/figure>\n\n\n\n<p class=\"has-white-color has-text-color has-link-color wp-elements-313113e91638075cb511b478546c81c4\">a<\/p>\n\n\n\n<p>Este espacio digital es una ventana privilegiada para sumergirse en la vasta discograf\u00eda del artista y, especialmente, para\u00a0disfrutar de material in\u00e9dito\u00a0que revela facetas poco conocidas del m\u00e1s grande cantante venezolano. Es una oportunidad \u00fanica para apreciar grabaciones, presentaciones y momentos que enriquecen su ya legendaria trayectoria.\u00a0Su m\u00fasica contin\u00faa\u00a0vigente, por lo que te invitamos a redescubrir la magia de su voz y la profundidad de sus interpretaciones.<\/p>\n\n\n\n<p><strong>Sigue&nbsp;las cuentas oficiales de&nbsp;Alfredo Sadel y s\u00e9 parte de su historia musical:<\/strong><\/p>\n\n\n\n<ul class=\"wp-block-list\">\n<li><strong>Youtube:<\/strong>&nbsp;<a href=\"https:\/\/www.youtube.com\/@AlfredoSadelOficial\" target=\"_blank\" rel=\"noreferrer noopener\">https:\/\/www.youtube.com\/@AlfredoSadelOficial<\/a><\/li>\n\n\n\n<li><strong>P\u00e1gina web:<\/strong>&nbsp;<a href=\"https:\/\/alfredosadel.com\/\" target=\"_blank\" rel=\"noreferrer noopener\">alfredosadel.com<\/a><\/li>\n\n\n\n<li><strong>Instagram:&nbsp;<\/strong><a href=\"https:\/\/www.instagram.com\/alfredo.sadel\" data-type=\"link\" data-id=\"https:\/\/www.instagram.com\/alfredo.sadel\" target=\"_blank\" rel=\"noreferrer noopener\">@alfredo.sadel<\/a><\/li>\n\n\n\n<li><strong>Facebook:<\/strong>&nbsp;<a href=\"https:\/\/www.facebook.com\/SadelAlfredo\/\" target=\"_blank\" rel=\"noreferrer noopener\">https:\/\/www.facebook.com\/SadelAlfredo\/<\/a><\/li>\n<\/ul>\n\n\n\n<hr class=\"wp-block-separator has-text-color has-luminous-vivid-orange-color has-alpha-channel-opacity has-luminous-vivid-orange-background-color has-background is-style-wide\"\/>\n\n\n\n<p><em>Prensa: Mar\u00eda Mercedes Nouel \/ Gladys Zapiain<br>MAG Comunicaci\u00f3nes Integrales<\/em><\/p>\n\n\n\n<hr class=\"wp-block-separator has-text-color has-luminous-vivid-orange-color has-alpha-channel-opacity has-luminous-vivid-orange-background-color has-background is-style-wide\"\/>\n","protected":false},"excerpt":{"rendered":"<p>La Fundaci\u00f3n Alfredo Sadel&nbsp;invita a redescubrir&nbsp;al artista con&nbsp;material in\u00e9dito en su canal oficial de&nbsp;Youtube Al conmemorarse el&nbsp;pasado&nbsp;28 de junio el trig\u00e9simo sexto aniversario de la desaparici\u00f3n f\u00edsica del inmortal tenor venezolano Alfredo Sadel, su legado musical permanece m\u00e1s vivo que nunca. Conocido como \u00abEl Tenor&nbsp; Favorito de Venezuela\u00bb, su voz contin\u00faa resonando en el coraz\u00f3n <\/p>\n","protected":false},"author":3,"featured_media":47159,"comment_status":"closed","ping_status":"open","sticky":false,"template":"","format":"standard","meta":{"footnotes":""},"categories":[2,23],"tags":[],"class_list":["post-47156","post","type-post","status-publish","format-standard","has-post-thumbnail","hentry","category-featured","category-noticias"],"_links":{"self":[{"href":"https:\/\/arumbear.com\/ve\/wp-json\/wp\/v2\/posts\/47156","targetHints":{"allow":["GET"]}}],"collection":[{"href":"https:\/\/arumbear.com\/ve\/wp-json\/wp\/v2\/posts"}],"about":[{"href":"https:\/\/arumbear.com\/ve\/wp-json\/wp\/v2\/types\/post"}],"author":[{"embeddable":true,"href":"https:\/\/arumbear.com\/ve\/wp-json\/wp\/v2\/users\/3"}],"replies":[{"embeddable":true,"href":"https:\/\/arumbear.com\/ve\/wp-json\/wp\/v2\/comments?post=47156"}],"version-history":[{"count":3,"href":"https:\/\/arumbear.com\/ve\/wp-json\/wp\/v2\/posts\/47156\/revisions"}],"predecessor-version":[{"id":47161,"href":"https:\/\/arumbear.com\/ve\/wp-json\/wp\/v2\/posts\/47156\/revisions\/47161"}],"wp:featuredmedia":[{"embeddable":true,"href":"https:\/\/arumbear.com\/ve\/wp-json\/wp\/v2\/media\/47159"}],"wp:attachment":[{"href":"https:\/\/arumbear.com\/ve\/wp-json\/wp\/v2\/media?parent=47156"}],"wp:term":[{"taxonomy":"category","embeddable":true,"href":"https:\/\/arumbear.com\/ve\/wp-json\/wp\/v2\/categories?post=47156"},{"taxonomy":"post_tag","embeddable":true,"href":"https:\/\/arumbear.com\/ve\/wp-json\/wp\/v2\/tags?post=47156"}],"curies":[{"name":"wp","href":"https:\/\/api.w.org\/{rel}","templated":true}]}}