{"id":50599,"date":"2026-02-23T18:48:32","date_gmt":"2026-02-23T22:48:32","guid":{"rendered":"https:\/\/arumbear.com\/ve\/?p=50599"},"modified":"2026-03-16T22:06:23","modified_gmt":"2026-03-17T02:06:23","slug":"el-espanol-beret-pisara-suelo-caraqueno-con-su-gira-lo-bello-y-lo-roto","status":"publish","type":"post","link":"https:\/\/arumbear.com\/ve\/el-espanol-beret-pisara-suelo-caraqueno-con-su-gira-lo-bello-y-lo-roto\/","title":{"rendered":"El espa\u00f1ol Beret pisar\u00e1 suelo caraque\u00f1o con su gira \u201cLo bello y lo roto\u201d"},"content":{"rendered":"\n<p><em><strong>El exitoso cantautor espa\u00f1ol visitar\u00e1 la capital el pr\u00f3ximo 24 de mayo en el Anfiteatro del Centro Sambil Chacao y las entradas ya est\u00e1n a la venta<\/strong><\/em><\/p>\n\n\n\n<p>Puerto Rico, Rep\u00fablica Dominicana, Colombia, Ecuador, Uruguay, Chile y Argentina, son algunos de los pa\u00edses que ser\u00e1n testigos del innegable talento del int\u00e9rprete espa\u00f1ol, Beret (<a href=\"https:\/\/www.instagram.com\/beret1996\/\" data-type=\"link\" data-id=\"https:\/\/www.instagram.com\/beret1996\/\" target=\"_blank\" rel=\"noreferrer noopener\">@beret1996<\/a>). Y Venezuela no pod\u00eda quedarse por fuera.<\/p>\n\n\n\n<p>El exitoso cantautor espa\u00f1ol pisar\u00e1 suelo caraque\u00f1o el pr\u00f3ximo 24 de mayo en el Anfiteatro del Centro Sambil Chacao, de la mano de la productora Makevents (<a href=\"https:\/\/www.instagram.com\/makevents.ve\/\" data-type=\"link\" data-id=\"https:\/\/www.instagram.com\/makevents.ve\/\" target=\"_blank\" rel=\"noreferrer noopener\">@makevents<\/a>), en colaboraci\u00f3n con Emporio Group (<a href=\"https:\/\/www.instagram.com\/emporiogroup\/\" data-type=\"link\" data-id=\"https:\/\/www.instagram.com\/emporiogroup\/\" target=\"_blank\" rel=\"noreferrer noopener\">@emporiogroup<\/a>).<\/p>\n\n\n\n<p>Esta ser\u00eda la primera presentaci\u00f3n de Francisco Javier \u00c1lvarez Beret -nombre de pila del artista- en el pa\u00eds, y lo har\u00e1 con su gira \u201cLo bello y lo roto\u201d; es por ello que las expectativas son altas.<\/p>\n\n\n\n<p>Comenz\u00f3 su carrera publicando canciones de forma independiente en Internet, donde gan\u00f3 reconocimiento gracias a su estilo confesional y cercano.&nbsp;Su m\u00fasica combina los estilos musicales pop, reggae y rap mel\u00f3dico.&nbsp;Poco a poco se fue abriendo camino en la industria musical con una propuesta genuina y org\u00e1nica, generando un gran impacto en plataformas digitales, pues capt\u00f3 la atenci\u00f3n de sellos discogr\u00e1ficos, permiti\u00e9ndole ampliar su alcance a mercados internacionales.<\/p>\n\n\n\n<p>Beret, quien tiene una s\u00f3lida fanaticada alrededor del mundo, mostrar\u00e1 su calidad vocal en una noche que promete quedarse grabada en el coraz\u00f3n de cada uno de los asistentes, pues se pasear\u00e1 por sus \u00e9xitos musicales, como \u201cSi por mi fuera, \u201cLo siento\u201d, \u201cPor fa, no te vayas\u201d, \u201cOjal\u00e1\u201d, \u201cVuelve\u201d, \u201cHola, qu\u00e9 tal\u201d, entre otros.<\/p>\n\n\n\n<p>El nativo de Sevilla actualmente cuenta con m\u00e1s de 5.6 millones de oyentes mensuales en las plataformas musicales, y esta exitosa gira la cerrar\u00e1, con broche de oro, en Caracas.<\/p>\n\n\n\n<p><strong>Las entradas ya est\u00e1n a la venta en <a href=\"https:\/\/www.maketicket.com.ve\/evento\/beret\" data-type=\"link\" data-id=\"https:\/\/www.maketicket.com.ve\/evento\/beret\" target=\"_blank\" rel=\"noreferrer noopener\">www.maketicket.com.ve<\/a><\/strong> y en sus taquillas f\u00edsicas en \u00a0CCCT, Traki del Centro Comercial El Recreo y Centro Sambil Chacao.<\/p>\n\n\n\n<p><strong>Para estar al d\u00eda con las informaciones, no duden en seguir las redes sociales de <a href=\"https:\/\/www.instagram.com\/beret1996\/\" data-type=\"link\" data-id=\"https:\/\/www.instagram.com\/beret1996\/\" target=\"_blank\" rel=\"noreferrer noopener\">@beret1996<\/a>, <a href=\"https:\/\/www.instagram.com\/emporiogroup\/\" data-type=\"link\" data-id=\"https:\/\/www.instagram.com\/emporiogroup\/\" target=\"_blank\" rel=\"noreferrer noopener\">@emporiogroup<\/a> y <a href=\"https:\/\/www.instagram.com\/maketicket.ve\/\" data-type=\"link\" data-id=\"https:\/\/www.instagram.com\/maketicket.ve\/\" target=\"_blank\" rel=\"noreferrer noopener\">@maketicket.ve<\/a><\/strong><\/p>\n\n\n\n<hr class=\"wp-block-separator has-text-color has-luminous-vivid-orange-color has-alpha-channel-opacity has-luminous-vivid-orange-background-color has-background is-style-wide\"\/>\n\n\n\n<p><em>Prensa: Giseli Elie \/\u00a0<a href=\"https:\/\/www.instagram.com\/bygiselielie\" target=\"_blank\" rel=\"noreferrer noopener\">@bygiselielie<\/a><\/em><\/p>\n\n\n\n<hr class=\"wp-block-separator has-text-color has-luminous-vivid-orange-color has-alpha-channel-opacity has-luminous-vivid-orange-background-color has-background is-style-wide\"\/>\n","protected":false},"excerpt":{"rendered":"<p>El exitoso cantautor espa\u00f1ol visitar\u00e1 la capital el pr\u00f3ximo 24 de mayo en el Anfiteatro del Centro Sambil Chacao y las entradas ya est\u00e1n a la venta Puerto Rico, Rep\u00fablica Dominicana, Colombia, Ecuador, Uruguay, Chile y Argentina, son algunos de los pa\u00edses que ser\u00e1n testigos del innegable talento del int\u00e9rprete espa\u00f1ol, Beret (@beret1996). Y Venezuela <\/p>\n","protected":false},"author":3,"featured_media":50600,"comment_status":"closed","ping_status":"open","sticky":false,"template":"","format":"standard","meta":{"footnotes":""},"categories":[25,2],"tags":[],"class_list":["post-50599","post","type-post","status-publish","format-standard","has-post-thumbnail","hentry","category-eventos","category-featured"],"_links":{"self":[{"href":"https:\/\/arumbear.com\/ve\/wp-json\/wp\/v2\/posts\/50599","targetHints":{"allow":["GET"]}}],"collection":[{"href":"https:\/\/arumbear.com\/ve\/wp-json\/wp\/v2\/posts"}],"about":[{"href":"https:\/\/arumbear.com\/ve\/wp-json\/wp\/v2\/types\/post"}],"author":[{"embeddable":true,"href":"https:\/\/arumbear.com\/ve\/wp-json\/wp\/v2\/users\/3"}],"replies":[{"embeddable":true,"href":"https:\/\/arumbear.com\/ve\/wp-json\/wp\/v2\/comments?post=50599"}],"version-history":[{"count":2,"href":"https:\/\/arumbear.com\/ve\/wp-json\/wp\/v2\/posts\/50599\/revisions"}],"predecessor-version":[{"id":50602,"href":"https:\/\/arumbear.com\/ve\/wp-json\/wp\/v2\/posts\/50599\/revisions\/50602"}],"wp:featuredmedia":[{"embeddable":true,"href":"https:\/\/arumbear.com\/ve\/wp-json\/wp\/v2\/media\/50600"}],"wp:attachment":[{"href":"https:\/\/arumbear.com\/ve\/wp-json\/wp\/v2\/media?parent=50599"}],"wp:term":[{"taxonomy":"category","embeddable":true,"href":"https:\/\/arumbear.com\/ve\/wp-json\/wp\/v2\/categories?post=50599"},{"taxonomy":"post_tag","embeddable":true,"href":"https:\/\/arumbear.com\/ve\/wp-json\/wp\/v2\/tags?post=50599"}],"curies":[{"name":"wp","href":"https:\/\/api.w.org\/{rel}","templated":true}]}}