{"id":50699,"date":"2026-03-03T10:04:31","date_gmt":"2026-03-03T14:04:31","guid":{"rendered":"https:\/\/arumbear.com\/ve\/?p=50699"},"modified":"2026-03-20T10:22:05","modified_gmt":"2026-03-20T14:22:05","slug":"presentimiento-una-ofrenda-musical-para-bailar-hacia-el-reencuentro-de-los-venezolanos","status":"publish","type":"post","link":"https:\/\/arumbear.com\/ve\/presentimiento-una-ofrenda-musical-para-bailar-hacia-el-reencuentro-de-los-venezolanos\/","title":{"rendered":"\u201cPresentimiento\u201d: Una ofrenda musical para bailar hacia el reencuentro de los venezolanos"},"content":{"rendered":"\n<p><em><strong>En tiempos donde Venezuela quiere sanar heridas y se redescubre a s\u00ed misma, surge una colaboraci\u00f3n musical que apuesta por la esperanza como el hilo conductor de nuestra historia y porvenir. <\/strong><\/em>Las Querales (Isabella y Ligiaelena), herederas del legado de Un Solo Pueblo, unen sus voces a la fuerza urbana de Akilin y Ernesto para presentar \u201cPresentimiento\u201d, una salsa que invita a diluir los muros invisibles que nos separan.<\/p>\n\n\n\n<p>La obra parte de una premisa compartida: \u00abEs cierto que muchas veces miramos el pasado y el ma\u00f1ana con ojos diferentes; sin embargo, hay un puente sentimental que nos une: el deseo de un pa\u00eds de reencuentros y abrazos\u00bb, dice Ligiaelena Querales. Para este grupo de artistas,&nbsp; la canci\u00f3n se convierte en un espacio para caminar (y sobre todo bailar) hacia el encuentro verdadero como venezolanos.<\/p>\n\n\n<div class=\"wp-block-image\">\n<figure class=\"aligncenter size-full\"><a href=\"https:\/\/arumbear.com\/ve\/wp-content\/uploads\/2026\/03\/querales02.jpg\"><img loading=\"lazy\" decoding=\"async\" width=\"700\" height=\"394\" src=\"https:\/\/arumbear.com\/ve\/wp-content\/uploads\/2026\/03\/querales02.jpg\" alt=\"\" class=\"wp-image-50703\" srcset=\"https:\/\/arumbear.com\/ve\/wp-content\/uploads\/2026\/03\/querales02.jpg 700w, https:\/\/arumbear.com\/ve\/wp-content\/uploads\/2026\/03\/querales02-300x169.jpg 300w, https:\/\/arumbear.com\/ve\/wp-content\/uploads\/2026\/03\/querales02-696x392.jpg 696w\" sizes=\"auto, (max-width: 700px) 100vw, 700px\" \/><\/a><\/figure><\/div>\n\n\n<p class=\"has-white-color has-text-color has-link-color wp-elements-313113e91638075cb511b478546c81c4\">a<\/p>\n\n\n\n<p><strong>Una ofrenda al abrazo y al encuentro<\/strong><br>M\u00e1s que un sencillo promocional, los artistas definen este lanzamiento como su \u00abmayor ofrenda para el respeto a la diferencia\u00bb. \u201cPresentimiento\u201d toca las fibras m\u00e1s profundas de la convivencia a trav\u00e9s de versos que invocan nuestra ra\u00edz y futuro: \u201cAbuelas enviando muchas bendiciones, nietos con augurios de tiempos mejores\u201d, el poderoso llamado de \u201c\u00a1D\u00edmelo Madera!: trabajo y tierra\u201d o la contundencia de una \u201cpalabra de paz en acci\u00f3n\u201d.<\/p>\n\n\n\n<p>El videoclip, que acompa\u00f1a el lanzamiento, contiene im\u00e1genes que buscan ser presagios de este a\u00f1orado encuentro, invitando a reconocer que en nuestro coraz\u00f3n hay un anhelo verdadero por reencontrarnos y por convertir la paz en nuestra acci\u00f3n diaria.<\/p>\n\n\n<div class=\"wp-block-image\">\n<figure class=\"aligncenter size-full\"><a href=\"https:\/\/arumbear.com\/ve\/wp-content\/uploads\/2026\/03\/querales03.jpg\"><img loading=\"lazy\" decoding=\"async\" width=\"700\" height=\"394\" src=\"https:\/\/arumbear.com\/ve\/wp-content\/uploads\/2026\/03\/querales03.jpg\" alt=\"\" class=\"wp-image-50704\" srcset=\"https:\/\/arumbear.com\/ve\/wp-content\/uploads\/2026\/03\/querales03.jpg 700w, https:\/\/arumbear.com\/ve\/wp-content\/uploads\/2026\/03\/querales03-300x169.jpg 300w, https:\/\/arumbear.com\/ve\/wp-content\/uploads\/2026\/03\/querales03-696x392.jpg 696w\" sizes=\"auto, (max-width: 700px) 100vw, 700px\" \/><\/a><\/figure><\/div>\n\n\n<p class=\"has-white-color has-text-color has-link-color wp-elements-313113e91638075cb511b478546c81c4\">a<\/p>\n\n\n\n<p><strong>La Salsa como lenguaje com\u00fan<\/strong><br>El tema rinde tributo a la salsa como ese refugio r\u00edtmico que ha ayudado a Latinoam\u00e9rica a superar sus conflictos. Inspirados en el legado de canciones que han narrado nuestras historias, buscamos reconectar con ese espacio donde las diferencias desaparecen: la pista de baile. Al final, \u00bfqui\u00e9n se detiene a preguntar por ideas o creencias mientras baila? \u00abPresentimiento\u00bb es una prueba de que, cuando el arte toma la palabra, el encuentro es la \u00fanica respuesta. Nuevos referentes musicales como Bad Bunny han vuelto a usar la salsa para sacar a bailar a las aspiraciones de j\u00f3venes y no tan j\u00f3venes en todo el mundo.<\/p>\n\n\n\n<p>\u00abElla \u2014la esperanza\u2014 es capaz de diluir muros invisibles. Queremos contagiar ese sentimiento de que &#8216;algo bueno va a pasar&#8217;, porque la calle ya lo est\u00e1 diciendo\u00bb, afirman sus int\u00e9rpretes.<\/p>\n\n\n\n<p>\u201cPresentimiento\u201d ya se encuentra disponible en YouTube, invitando a cada venezolano a bailar \u00abapreta\u00edto\u00bb y a reconocerse en el otro, bajo la promesa de que, unidos, somos un manantial inagotable de posibilidades.<\/p>\n\n\n\n<figure class=\"wp-block-embed is-type-video is-provider-youtube wp-block-embed-youtube wp-embed-aspect-16-9 wp-has-aspect-ratio\"><div class=\"wp-block-embed__wrapper\">\n<iframe loading=\"lazy\" title=\"Las Querales Ft  Akilin &amp; Ernesto - Presentimiento (Video Oficial)\" width=\"640\" height=\"360\" src=\"https:\/\/www.youtube.com\/embed\/TrN2HyzE4vk?feature=oembed\" frameborder=\"0\" allow=\"accelerometer; autoplay; clipboard-write; encrypted-media; gyroscope; picture-in-picture; web-share\" referrerpolicy=\"strict-origin-when-cross-origin\" allowfullscreen><\/iframe>\n<\/div><\/figure>\n\n\n\n<hr class=\"wp-block-separator has-text-color has-luminous-vivid-orange-color has-alpha-channel-opacity has-luminous-vivid-orange-background-color has-background is-style-wide\"\/>\n\n\n\n<p><em>Prensa: \u00c1ngel Ricardo G\u00f3mez<\/em><\/p>\n\n\n\n<hr class=\"wp-block-separator has-text-color has-luminous-vivid-orange-color has-alpha-channel-opacity has-luminous-vivid-orange-background-color has-background is-style-wide\"\/>\n","protected":false},"excerpt":{"rendered":"<p>En tiempos donde Venezuela quiere sanar heridas y se redescubre a s\u00ed misma, surge una colaboraci\u00f3n musical que apuesta por la esperanza como el hilo conductor de nuestra historia y porvenir. Las Querales (Isabella y Ligiaelena), herederas del legado de Un Solo Pueblo, unen sus voces a la fuerza urbana de Akilin y Ernesto para <\/p>\n","protected":false},"author":3,"featured_media":50702,"comment_status":"closed","ping_status":"open","sticky":false,"template":"","format":"standard","meta":{"footnotes":""},"categories":[2,230,232],"tags":[],"class_list":["post-50699","post","type-post","status-publish","format-standard","has-post-thumbnail","hentry","category-featured","category-musica","category-nacional"],"_links":{"self":[{"href":"https:\/\/arumbear.com\/ve\/wp-json\/wp\/v2\/posts\/50699","targetHints":{"allow":["GET"]}}],"collection":[{"href":"https:\/\/arumbear.com\/ve\/wp-json\/wp\/v2\/posts"}],"about":[{"href":"https:\/\/arumbear.com\/ve\/wp-json\/wp\/v2\/types\/post"}],"author":[{"embeddable":true,"href":"https:\/\/arumbear.com\/ve\/wp-json\/wp\/v2\/users\/3"}],"replies":[{"embeddable":true,"href":"https:\/\/arumbear.com\/ve\/wp-json\/wp\/v2\/comments?post=50699"}],"version-history":[{"count":3,"href":"https:\/\/arumbear.com\/ve\/wp-json\/wp\/v2\/posts\/50699\/revisions"}],"predecessor-version":[{"id":50705,"href":"https:\/\/arumbear.com\/ve\/wp-json\/wp\/v2\/posts\/50699\/revisions\/50705"}],"wp:featuredmedia":[{"embeddable":true,"href":"https:\/\/arumbear.com\/ve\/wp-json\/wp\/v2\/media\/50702"}],"wp:attachment":[{"href":"https:\/\/arumbear.com\/ve\/wp-json\/wp\/v2\/media?parent=50699"}],"wp:term":[{"taxonomy":"category","embeddable":true,"href":"https:\/\/arumbear.com\/ve\/wp-json\/wp\/v2\/categories?post=50699"},{"taxonomy":"post_tag","embeddable":true,"href":"https:\/\/arumbear.com\/ve\/wp-json\/wp\/v2\/tags?post=50699"}],"curies":[{"name":"wp","href":"https:\/\/api.w.org\/{rel}","templated":true}]}}