{"id":50758,"date":"2026-03-05T14:16:24","date_gmt":"2026-03-05T18:16:24","guid":{"rendered":"https:\/\/arumbear.com\/ve\/?p=50758"},"modified":"2026-03-23T22:45:58","modified_gmt":"2026-03-24T02:45:58","slug":"empresas-polar-entra-al-mercado-del-cafe-en-venezuela-con-distribucion-de-marcas-reconocidas","status":"publish","type":"post","link":"https:\/\/arumbear.com\/ve\/empresas-polar-entra-al-mercado-del-cafe-en-venezuela-con-distribucion-de-marcas-reconocidas\/","title":{"rendered":"Empresas Polar entra al mercado del caf\u00e9 en Venezuela con distribuci\u00f3n de marcas reconocidas"},"content":{"rendered":"\n<p><strong><em>Empresas Polar y la torrefactora CAFANCA consolidan una alianza comercial para fortalecer el mercado de caf\u00e9 en Venezuela<\/em><\/strong>, combinando la excelencia en fabricaci\u00f3n y la tradici\u00f3n de CAFANCA \u201480 a\u00f1os de trayectoria\u2014 con la s\u00f3lida plataforma de comercializaci\u00f3n, mercadeo y distribuci\u00f3n de Empresas Polar, que ya cuenta con 85 a\u00f1os en el pa\u00eds.<\/p>\n\n\n\n<p><strong>A partir de ahora, las marcas de caf\u00e9 tostado Caf\u00e9 Anzo\u00e1tegui y Buen Caf\u00e9 llegar\u00e1n a cada rinc\u00f3n con el respaldo de Empresas Polar.<\/strong><\/p>\n\n\n\n<p>\u00abNuestro compromiso es seguir creciendo con el pa\u00eds y ofrecer marcas que generen valor para nuestros clientes y consumidores. Esta nueva alianza nos permitir\u00e1 llevar el mejor caf\u00e9 a cada hogar venezolano. Hemos acompa\u00f1ado a nuestros consumidores durante 85 a\u00f1os en sus mesas y con sus arepas en cada desayuno, ahora le sumaremos un buen caf\u00e9\u201d, expres\u00f3 Lorenzo Mendoza, Presidente Ejecutivo de Empresas Polar.<\/p>\n\n\n\n<p>Por su parte, Luis Alberto Rodr\u00edguez, Director de Operaciones de Empresas Polar, explic\u00f3 que bajo este acuerdo: \u201cCAFANCA concentrar\u00e1 sus capacidades en garantizar la m\u00e1xima calidad de producci\u00f3n en su planta ubicada en Barcelona, estado Anzo\u00e1tegui, utilizando granos provenientes de los principales ejes cafetaleros del pa\u00eds (Andes, Centro-occidente y Oriente); y nosotros aportamos nuestra experiencia y trayectoria en el \u00e1rea comercial para potenciar la presencia de estas marcas en los anaqueles\u201d.<\/p>\n\n\n\n<p>Esta alianza permite a Empresas Polar contar con una oferta integral y vers\u00e1til, incluyendo caf\u00e9 en grano, molido pr\u00e9mium y descafeinado, adapt\u00e1ndose a todos los gustos y m\u00e9todos de preparaci\u00f3n.<\/p>\n\n\n\n<figure class=\"wp-block-gallery has-nested-images columns-2 is-cropped wp-block-gallery-1 is-layout-flex wp-block-gallery-is-layout-flex\">\n<figure class=\"wp-block-image size-full\"><a href=\"https:\/\/arumbear.com\/ve\/wp-content\/uploads\/2026\/03\/cafe05.jpg\" target=\"_blank\"><img loading=\"lazy\" decoding=\"async\" width=\"700\" height=\"929\" data-id=\"50765\" src=\"https:\/\/arumbear.com\/ve\/wp-content\/uploads\/2026\/03\/cafe05.jpg\" alt=\"\" class=\"wp-image-50765\" srcset=\"https:\/\/arumbear.com\/ve\/wp-content\/uploads\/2026\/03\/cafe05.jpg 700w, https:\/\/arumbear.com\/ve\/wp-content\/uploads\/2026\/03\/cafe05-226x300.jpg 226w, https:\/\/arumbear.com\/ve\/wp-content\/uploads\/2026\/03\/cafe05-696x924.jpg 696w, https:\/\/arumbear.com\/ve\/wp-content\/uploads\/2026\/03\/cafe05-316x420.jpg 316w\" sizes=\"auto, (max-width: 700px) 100vw, 700px\" \/><\/a><\/figure>\n\n\n\n<figure class=\"wp-block-image size-full\"><a href=\"https:\/\/arumbear.com\/ve\/wp-content\/uploads\/2026\/03\/cafe04.jpg\" target=\"_blank\"><img loading=\"lazy\" decoding=\"async\" width=\"700\" height=\"929\" data-id=\"50764\" src=\"https:\/\/arumbear.com\/ve\/wp-content\/uploads\/2026\/03\/cafe04.jpg\" alt=\"\" class=\"wp-image-50764\" srcset=\"https:\/\/arumbear.com\/ve\/wp-content\/uploads\/2026\/03\/cafe04.jpg 700w, https:\/\/arumbear.com\/ve\/wp-content\/uploads\/2026\/03\/cafe04-226x300.jpg 226w, https:\/\/arumbear.com\/ve\/wp-content\/uploads\/2026\/03\/cafe04-696x924.jpg 696w, https:\/\/arumbear.com\/ve\/wp-content\/uploads\/2026\/03\/cafe04-316x420.jpg 316w\" sizes=\"auto, (max-width: 700px) 100vw, 700px\" \/><\/a><\/figure>\n\n\n\n<figure class=\"wp-block-image size-full\"><a href=\"https:\/\/arumbear.com\/ve\/wp-content\/uploads\/2026\/03\/cafe03.jpg\" target=\"_blank\"><img loading=\"lazy\" decoding=\"async\" width=\"700\" height=\"929\" data-id=\"50763\" src=\"https:\/\/arumbear.com\/ve\/wp-content\/uploads\/2026\/03\/cafe03.jpg\" alt=\"\" class=\"wp-image-50763\" srcset=\"https:\/\/arumbear.com\/ve\/wp-content\/uploads\/2026\/03\/cafe03.jpg 700w, https:\/\/arumbear.com\/ve\/wp-content\/uploads\/2026\/03\/cafe03-226x300.jpg 226w, https:\/\/arumbear.com\/ve\/wp-content\/uploads\/2026\/03\/cafe03-696x924.jpg 696w, https:\/\/arumbear.com\/ve\/wp-content\/uploads\/2026\/03\/cafe03-316x420.jpg 316w\" sizes=\"auto, (max-width: 700px) 100vw, 700px\" \/><\/a><\/figure>\n\n\n\n<figure class=\"wp-block-image size-full\"><a href=\"https:\/\/arumbear.com\/ve\/wp-content\/uploads\/2026\/03\/cafe02.jpg\" target=\"_blank\"><img loading=\"lazy\" decoding=\"async\" width=\"700\" height=\"929\" data-id=\"50762\" src=\"https:\/\/arumbear.com\/ve\/wp-content\/uploads\/2026\/03\/cafe02.jpg\" alt=\"\" class=\"wp-image-50762\" srcset=\"https:\/\/arumbear.com\/ve\/wp-content\/uploads\/2026\/03\/cafe02.jpg 700w, https:\/\/arumbear.com\/ve\/wp-content\/uploads\/2026\/03\/cafe02-226x300.jpg 226w, https:\/\/arumbear.com\/ve\/wp-content\/uploads\/2026\/03\/cafe02-696x924.jpg 696w, https:\/\/arumbear.com\/ve\/wp-content\/uploads\/2026\/03\/cafe02-316x420.jpg 316w\" sizes=\"auto, (max-width: 700px) 100vw, 700px\" \/><\/a><\/figure>\n<\/figure>\n\n\n\n<p class=\"has-white-color has-text-color has-link-color wp-elements-313113e91638075cb511b478546c81c4\">a<\/p>\n\n\n\n<p><strong>Portafolio fortalecido con tradici\u00f3n y calidad<\/strong><br>La incorporaci\u00f3n de estos productos al portafolio distribuido por Empresas Polar ofrece una amplia gama de opciones para cada gusto y ocasi\u00f3n:<\/p>\n\n\n\n<ul class=\"wp-block-list\">\n<li><strong>Caf\u00e9 Anzo\u00e1tegui:<\/strong> una marca con m\u00e1s de 67 a\u00f1os en el mercado pr\u00e9mium. Ofrece presentaciones de caf\u00e9 molido en formatos de 50 g, 100 g, 200 g y 500 g. Para clientes especializados y cafeter\u00edas, tiene la presentaci\u00f3n en granos de 1 kg; y su exclusiva l\u00ednea Descafeinado en presentaci\u00f3n 200 g y 500 g.<\/li>\n<\/ul>\n\n\n\n<ul class=\"wp-block-list\">\n<li><strong>Buen Caf\u00e9: <\/strong>marca con 36 a\u00f1os de tradici\u00f3n, posicionada en el segmento pr\u00e9mium con un perfil balanceado, aroma alto y notas a chocolate oscuro y canela; disponible en 100 g, 200g y 500 g.<\/li>\n<\/ul>\n\n\n\n<p><strong>Podr\u00e1s conocer m\u00e1s de estas destacadas marcas de caf\u00e9 venezolano ahora con sello de distribuci\u00f3n de Empresas Polar en <a href=\"https:\/\/www.instagram.com\/cafeanzoategui\/\" target=\"_blank\" rel=\"noreferrer noopener\">@cafeanzoategui<\/a> y <a href=\"https:\/\/www.instagram.com\/empresaspolar\/\" target=\"_blank\" rel=\"noreferrer noopener\">@empresaspolar<\/a><\/strong><\/p>\n\n\n\n<p><strong>Sobre CAFANCA<\/strong><br>Es una compa\u00f1\u00eda fundada en 1945 por Don Salom\u00f3n Tr\u00edas, en Bergant\u00edn, estado Anzo\u00e1tegui. Ha ofrecido caf\u00e9 con tradici\u00f3n regional durante m\u00e1s de 80 a\u00f1os. Su sede actual est\u00e1 en Barcelona. Es una empresa familiar, actualmente liderada por la tercera generaci\u00f3n. Es la \u00fanica empresa que produce caf\u00e9 descafeinado nacional, utilizando un proceso 100% natural. CAFANCA es la primera empresa venezolana que cuenta con un Q Ar\u00e1biga Grader bajo Licencia CQI.<\/p>\n\n\n\n<hr class=\"wp-block-separator has-text-color has-luminous-vivid-orange-color has-alpha-channel-opacity has-luminous-vivid-orange-background-color has-background is-style-wide\"\/>\n\n\n\n<p><em>Prensa: Angela Molina &#8211;<\/em> <em>Empresas Polar<\/em><\/p>\n\n\n\n<hr class=\"wp-block-separator has-text-color has-luminous-vivid-orange-color has-alpha-channel-opacity has-luminous-vivid-orange-background-color has-background is-style-wide\"\/>\n","protected":false},"excerpt":{"rendered":"<p>Empresas Polar y la torrefactora CAFANCA consolidan una alianza comercial para fortalecer el mercado de caf\u00e9 en Venezuela, combinando la excelencia en fabricaci\u00f3n y la tradici\u00f3n de CAFANCA \u201480 a\u00f1os de trayectoria\u2014 con la s\u00f3lida plataforma de comercializaci\u00f3n, mercadeo y distribuci\u00f3n de Empresas Polar, que ya cuenta con 85 a\u00f1os en el pa\u00eds. A partir <\/p>\n","protected":false},"author":3,"featured_media":50761,"comment_status":"closed","ping_status":"open","sticky":false,"template":"","format":"standard","meta":{"footnotes":""},"categories":[2,23],"tags":[],"class_list":["post-50758","post","type-post","status-publish","format-standard","has-post-thumbnail","hentry","category-featured","category-noticias"],"_links":{"self":[{"href":"https:\/\/arumbear.com\/ve\/wp-json\/wp\/v2\/posts\/50758","targetHints":{"allow":["GET"]}}],"collection":[{"href":"https:\/\/arumbear.com\/ve\/wp-json\/wp\/v2\/posts"}],"about":[{"href":"https:\/\/arumbear.com\/ve\/wp-json\/wp\/v2\/types\/post"}],"author":[{"embeddable":true,"href":"https:\/\/arumbear.com\/ve\/wp-json\/wp\/v2\/users\/3"}],"replies":[{"embeddable":true,"href":"https:\/\/arumbear.com\/ve\/wp-json\/wp\/v2\/comments?post=50758"}],"version-history":[{"count":3,"href":"https:\/\/arumbear.com\/ve\/wp-json\/wp\/v2\/posts\/50758\/revisions"}],"predecessor-version":[{"id":50766,"href":"https:\/\/arumbear.com\/ve\/wp-json\/wp\/v2\/posts\/50758\/revisions\/50766"}],"wp:featuredmedia":[{"embeddable":true,"href":"https:\/\/arumbear.com\/ve\/wp-json\/wp\/v2\/media\/50761"}],"wp:attachment":[{"href":"https:\/\/arumbear.com\/ve\/wp-json\/wp\/v2\/media?parent=50758"}],"wp:term":[{"taxonomy":"category","embeddable":true,"href":"https:\/\/arumbear.com\/ve\/wp-json\/wp\/v2\/categories?post=50758"},{"taxonomy":"post_tag","embeddable":true,"href":"https:\/\/arumbear.com\/ve\/wp-json\/wp\/v2\/tags?post=50758"}],"curies":[{"name":"wp","href":"https:\/\/api.w.org\/{rel}","templated":true}]}}