{"id":50810,"date":"2026-03-10T23:11:41","date_gmt":"2026-03-11T03:11:41","guid":{"rendered":"https:\/\/arumbear.com\/ve\/?p=50810"},"modified":"2026-03-25T22:51:48","modified_gmt":"2026-03-26T02:51:48","slug":"feria-internacional-de-motocicletas-caracas-biker-music","status":"publish","type":"post","link":"https:\/\/arumbear.com\/ve\/feria-internacional-de-motocicletas-caracas-biker-music\/","title":{"rendered":"Feria Internacional de Motocicletas: Caracas Biker Music"},"content":{"rendered":"\n<p><em><strong>La pasi\u00f3n por las motos y la m\u00fasica tienen su primera feria internacional en Caracas<\/strong><\/em><\/p>\n\n\n\n<p>En abril y solo por tres d\u00edas, llega la primera edici\u00f3n de la \u201cFeria Internacional de Motocicletas: Caracas Biker Music\u201d, un evento sin precedentes en Venezuela que ser\u00e1 el epicentro de la cultura motera con el mejor entretenimiento musical, a realizarse el <strong>10, 11 y 12 de abril en la Terraza del CCCT<\/strong>, lugar donde se dar\u00e1n cita los fan\u00e1ticos de las dos ruedas, aficionados, profesionales del sector y las marcas m\u00e1s innovadors de \u00edndole nacional e internacional, para benepl\u00e1cito de todos los moteros del pa\u00eds y de toda la familia.&nbsp; &nbsp;<\/p>\n\n\n\n<p>Bajo la producci\u00f3n de cuatro empresas certificadas del ramo y del entretenimiento: AJBL Producciones, A&amp;T PRO Eventos y Convenciones, Grupo Z\u00f3nico y Thiene AT Company, este primer festival ofrece al p\u00fablico una experiencia din\u00e1mica y completa, combinando la exhibici\u00f3n de maquinaria de alto rendimiento, una vitrina de las \u00faltimas novedades, modelos cl\u00e1sicos, motos de alta cilindrada y accesorios de las marcas nacionales e internacionales m\u00e1s destacadas, durante tres d\u00edas donde adem\u00e1s habr\u00e1 experiencias gastron\u00f3micas y destacados exponentes musicales, por lo que veremos desde un tributo a Queen y a Soda St\u00e9reo gracias a la presentaci\u00f3n de 15 bandas en concierto a lo largo de eso tres d\u00edas.<\/p>\n\n\n\n<p>Ya todo est\u00e1 listo para que la Terraza del CCCT sea en abril el escenario de esta \u201cFeria Internacional de Motocicletas: Caracas Biker Music 2026\u201d, los d\u00edas viernes 10 (desde las 2:00 pm), s\u00e1bado 11 (desde la 1:00 pm) y domingo 12 (desde el mediod\u00eda) y el p\u00fablico ya puede adquirir sus entradas a un m\u00f3dico precio de 10$ (o se equivalente en Bs) a trav\u00e9s de de la p\u00e1gina web: <a href=\"https:\/\/www.goliiive.com\" target=\"_blank\" rel=\"noreferrer noopener\">www.goliiive.com<\/a> (<a href=\"https:\/\/www.instagram.com\/goliiive\" data-type=\"link\" data-id=\"https:\/\/www.instagram.com\/goliiive\" target=\"_blank\" rel=\"noreferrer noopener\">@goliiive<\/a>) y quienes deseen comprar sus boletos en f\u00edsico, pueden hacerlo en la taquilla de Goliiive ubicada en el CCCT, Nivel C-2, en horario de lunes a domingo de 11 am a 5pm y por el tel\u00e9fono \u201ccall center\u201d: 0412-3359430.<\/p>\n\n\n\n<figure class=\"wp-block-gallery has-nested-images columns-default is-cropped wp-block-gallery-1 is-layout-flex wp-block-gallery-is-layout-flex\">\n<figure class=\"wp-block-image size-full\"><a href=\"https:\/\/arumbear.com\/ve\/wp-content\/uploads\/2026\/03\/moto02.jpg\" target=\"_blank\"><img loading=\"lazy\" decoding=\"async\" width=\"550\" height=\"688\" data-id=\"50812\" src=\"https:\/\/arumbear.com\/ve\/wp-content\/uploads\/2026\/03\/moto02.jpg\" alt=\"\" class=\"wp-image-50812\" srcset=\"https:\/\/arumbear.com\/ve\/wp-content\/uploads\/2026\/03\/moto02.jpg 550w, https:\/\/arumbear.com\/ve\/wp-content\/uploads\/2026\/03\/moto02-240x300.jpg 240w, https:\/\/arumbear.com\/ve\/wp-content\/uploads\/2026\/03\/moto02-336x420.jpg 336w\" sizes=\"auto, (max-width: 550px) 100vw, 550px\" \/><\/a><\/figure>\n\n\n\n<figure class=\"wp-block-image size-full\"><a href=\"https:\/\/arumbear.com\/ve\/wp-content\/uploads\/2026\/03\/moto05.jpg\" target=\"_blank\"><img loading=\"lazy\" decoding=\"async\" width=\"550\" height=\"688\" data-id=\"50815\" src=\"https:\/\/arumbear.com\/ve\/wp-content\/uploads\/2026\/03\/moto05.jpg\" alt=\"\" class=\"wp-image-50815\" srcset=\"https:\/\/arumbear.com\/ve\/wp-content\/uploads\/2026\/03\/moto05.jpg 550w, https:\/\/arumbear.com\/ve\/wp-content\/uploads\/2026\/03\/moto05-240x300.jpg 240w, https:\/\/arumbear.com\/ve\/wp-content\/uploads\/2026\/03\/moto05-336x420.jpg 336w\" sizes=\"auto, (max-width: 550px) 100vw, 550px\" \/><\/a><\/figure>\n<\/figure>\n\n\n\n<p class=\"has-white-color has-text-color has-link-color wp-elements-313113e91638075cb511b478546c81c4\">a<\/p>\n\n\n\n<p>Esta feria ofrece no s\u00f3lo entretenimiento sino oportunidades de hacer negocios al ser un espacio ideal para el \u201cnetworking\u201d con las \u00faltimas tendencias del sector motero y hasta automotriz, dentro del ambiente seguro y c\u00e9ntrico que caracteriza a la Terraza del CCCT. Adem\u00e1s, con la entrada para cada d\u00eda, el p\u00fablico podr\u00e1 disfrutar de la mejor m\u00fasica en vivo en g\u00e9neros como rock, pop, reaggue, rock sinf\u00f3nico, m\u00fasica bailable, rock and roll y hasta \u201ccountry\u201d, a trav\u00e9s las siguientes bandas invitadas:<\/p>\n\n\n\n<ul class=\"wp-block-list\">\n<li><strong>Viernes 10 de abril:<\/strong> Davinci, Thenexus, Los Rockelinos, Los Pixel y Forever Queen.<\/li>\n\n\n\n<li><strong>S\u00e1bado 11 de abril:<\/strong> N\u00f3mada, La Soda, Rockbox, Acuatro Venezuela, Orquesta Guateke y la banda Poker.<\/li>\n\n\n\n<li><strong>Domingo 12 de abril: <\/strong>N\u00f3mada, The Nasty Cats, Acuatro Venezuela y Wolf Vivas. &nbsp;<\/li>\n<\/ul>\n\n\n\n<p>Alejandro Betti, uno de los realizadores con m\u00e1s de 40 a\u00f1os en la producci\u00f3n de eventos de todo tipo, asegura: \u201cEste ser\u00e1 un evento motero de calidad, la idea es que se convierta en lo que es un \u2018Autofest\u2019 pero de motos y que tenga continuidad a\u00f1o tras a\u00f1o, no es solo una exposici\u00f3n de motos, es congregar a todos los moto-clubes y moteros a nivel nacional en Caracas; para hacer reconocimientos a \u00edconos del motociclismo, de gente que ha recorrido al pa\u00eds en moto, queremos exhibir motos que datan desde 1928 a las \u00faltimas que est\u00e1n en el mercado, tambi\u00e9n brindamos espacios de distracci\u00f3n donde te vas a poder montar en un simulador con una Ducati u otro tipo de moto. Van a disfrutar de las mejores bandas del pa\u00eds, es un evento \u00fanico y en el CCCT que es un sitio c\u00e9ntrico, seguro y donde hasta la gente del interior va a poder pasar tres d\u00edas distintos de buena m\u00fasica y entretenimiento\u201d.<\/p>\n\n\n\n<p>Por su parte, la locutora e internacionalista Catherine Ciardiello, quien se ha convertido en un rostro femenino y s\u00faper representativo del sector motero en el pa\u00eds, es la embajadora este evento, y da fe de su relevancia: \u201cEs un honor que me hayan nombrado embajadora y es la primera vez que se hace en Venezuela algo de esta envergadura, invitando no solo a los que aman el mundo de las ruedas, tambi\u00e9n es un evento muy familiar para disfrutar de la mejor selecci\u00f3n de bandas del Caracas Biker Music, ser\u00e1 un evento \u00fanico que proyecto se pueda realizar hasta dos veces al a\u00f1o. Me alegra ser esa cara femenina representando al mundo de las 2 y hasta 4 ruedas, pues estar\u00e1n las mejores marcas automotrices del pa\u00eds\u201d. &nbsp;<\/p>\n\n\n\n<p>Toby Milian, director general de A&amp;T PRO y Thiene AT Company, luego de acumular experiencia en m\u00faltiples conciertos a nivel nacional y exposiciones de otros ramos, se siente muy optimista con esta incursi\u00f3n en el mundo de los motores y espera que sea un evento que adem\u00e1s de complacer el gusto de los moteros y motociclistas del pa\u00eds, tambi\u00e9n cautive al p\u00fablico mel\u00f3mano en la capital, gracias a la oferta musical que habr\u00e1 sobre la tarima de la Terraza del CCCT. &nbsp;&nbsp;&nbsp;<\/p>\n\n\n\n<figure class=\"wp-block-gallery has-nested-images columns-default is-cropped wp-block-gallery-2 is-layout-flex wp-block-gallery-is-layout-flex\">\n<figure class=\"wp-block-image size-full\"><a href=\"https:\/\/arumbear.com\/ve\/wp-content\/uploads\/2026\/03\/moto03.jpg\" target=\"_blank\"><img loading=\"lazy\" decoding=\"async\" width=\"550\" height=\"688\" data-id=\"50813\" src=\"https:\/\/arumbear.com\/ve\/wp-content\/uploads\/2026\/03\/moto03.jpg\" alt=\"\" class=\"wp-image-50813\" srcset=\"https:\/\/arumbear.com\/ve\/wp-content\/uploads\/2026\/03\/moto03.jpg 550w, https:\/\/arumbear.com\/ve\/wp-content\/uploads\/2026\/03\/moto03-240x300.jpg 240w, https:\/\/arumbear.com\/ve\/wp-content\/uploads\/2026\/03\/moto03-336x420.jpg 336w\" sizes=\"auto, (max-width: 550px) 100vw, 550px\" \/><\/a><\/figure>\n\n\n\n<figure class=\"wp-block-image size-full\"><a href=\"https:\/\/arumbear.com\/ve\/wp-content\/uploads\/2026\/03\/moto04.jpg\" target=\"_blank\"><img loading=\"lazy\" decoding=\"async\" width=\"550\" height=\"688\" data-id=\"50814\" src=\"https:\/\/arumbear.com\/ve\/wp-content\/uploads\/2026\/03\/moto04.jpg\" alt=\"\" class=\"wp-image-50814\" srcset=\"https:\/\/arumbear.com\/ve\/wp-content\/uploads\/2026\/03\/moto04.jpg 550w, https:\/\/arumbear.com\/ve\/wp-content\/uploads\/2026\/03\/moto04-240x300.jpg 240w, https:\/\/arumbear.com\/ve\/wp-content\/uploads\/2026\/03\/moto04-336x420.jpg 336w\" sizes=\"auto, (max-width: 550px) 100vw, 550px\" \/><\/a><\/figure>\n<\/figure>\n\n\n\n<p class=\"has-white-color has-text-color has-link-color wp-elements-313113e91638075cb511b478546c81c4\">a<\/p>\n\n\n\n<p><strong>\u201cFeria Internacional de Motocicletas: Caracas Biker Music 2026\u201d:<\/strong><\/p>\n\n\n\n<p><strong>Fechas y horarios:<\/strong><\/p>\n\n\n\n<ul class=\"wp-block-list\">\n<li><strong>Viernes 10 de abril:<\/strong> desde las 2:00 pm<\/li>\n\n\n\n<li><strong>S\u00e1bado 11 de abril: <\/strong>desde la 1:00 pm &nbsp;<\/li>\n\n\n\n<li><strong>Domingo 12 de abril<\/strong>: desde las 12:00 m &nbsp;<\/li>\n\n\n\n<li><strong>Lugar:<\/strong> Terraza del CCC \/ <a href=\"https:\/\/www.instagram.com\/tuccct\" data-type=\"link\" data-id=\"https:\/\/www.instagram.com\/tuccct\" target=\"_blank\" rel=\"noreferrer noopener\">@tuccct<\/a><\/li>\n\n\n\n<li><strong>Edad:<\/strong> A partir de los 4 a\u00f1os (ni\u00f1os con su representante)<\/li>\n\n\n\n<li><strong>Link de compra<\/strong>:<br><a href=\"https:\/\/www.goliiive.com\/feria-internacional-de-motocicletas-caracas-biker-music-2026\" target=\"_blank\" rel=\"noreferrer noopener\">https:\/\/www.goliiive.com\/feria-internacional-de-motocicletas-caracas-biker-music-2026<\/a><\/li>\n\n\n\n<li><strong>Call Center:<\/strong> 0412-3359430<\/li>\n\n\n\n<li><strong>Embajadora: <\/strong><a href=\"https:\/\/www.instagram.com\/catherineciardiellom\" data-type=\"link\" data-id=\"https:\/\/www.instagram.com\/catherineciardiellom\" target=\"_blank\" rel=\"noreferrer noopener\">@catherineciardiellom<\/a><\/li>\n\n\n\n<li><strong>Info: <\/strong><a href=\"https:\/\/www.instagram.com\/atpro.ve\" data-type=\"link\" data-id=\"https:\/\/www.instagram.com\/atpro.ve\" target=\"_blank\" rel=\"noreferrer noopener\">@atpro.ve<\/a> \/ <a href=\"https:\/\/www.instagram.com\/thieneatcompany\" data-type=\"link\" data-id=\"https\/\/www.instagram.com\/thieneatcompany\" target=\"_blank\" rel=\"noreferrer noopener\">@thieneatcompany<\/a><\/li>\n<\/ul>\n\n\n\n<hr class=\"wp-block-separator has-text-color has-luminous-vivid-orange-color has-alpha-channel-opacity has-luminous-vivid-orange-background-color has-background is-style-wide\"\/>\n\n\n\n<p><em>Prensa: Luis Ugueto \/ <a href=\"https:\/\/www.instagram.com\/uguetoluis\" data-type=\"link\" data-id=\"https:\/\/www.instagram.com\/uguetoluis\" target=\"_blank\" rel=\"noreferrer noopener\">@uguetoluis<\/a><\/em><\/p>\n\n\n\n<hr class=\"wp-block-separator has-text-color has-luminous-vivid-orange-color has-alpha-channel-opacity has-luminous-vivid-orange-background-color has-background is-style-wide\"\/>\n","protected":false},"excerpt":{"rendered":"<p>La pasi\u00f3n por las motos y la m\u00fasica tienen su primera feria internacional en Caracas En abril y solo por tres d\u00edas, llega la primera edici\u00f3n de la \u201cFeria Internacional de Motocicletas: Caracas Biker Music\u201d, un evento sin precedentes en Venezuela que ser\u00e1 el epicentro de la cultura motera con el mejor entretenimiento musical, a <\/p>\n","protected":false},"author":3,"featured_media":50811,"comment_status":"closed","ping_status":"open","sticky":false,"template":"","format":"standard","meta":{"footnotes":""},"categories":[25,2],"tags":[],"class_list":["post-50810","post","type-post","status-publish","format-standard","has-post-thumbnail","hentry","category-eventos","category-featured"],"_links":{"self":[{"href":"https:\/\/arumbear.com\/ve\/wp-json\/wp\/v2\/posts\/50810","targetHints":{"allow":["GET"]}}],"collection":[{"href":"https:\/\/arumbear.com\/ve\/wp-json\/wp\/v2\/posts"}],"about":[{"href":"https:\/\/arumbear.com\/ve\/wp-json\/wp\/v2\/types\/post"}],"author":[{"embeddable":true,"href":"https:\/\/arumbear.com\/ve\/wp-json\/wp\/v2\/users\/3"}],"replies":[{"embeddable":true,"href":"https:\/\/arumbear.com\/ve\/wp-json\/wp\/v2\/comments?post=50810"}],"version-history":[{"count":5,"href":"https:\/\/arumbear.com\/ve\/wp-json\/wp\/v2\/posts\/50810\/revisions"}],"predecessor-version":[{"id":50822,"href":"https:\/\/arumbear.com\/ve\/wp-json\/wp\/v2\/posts\/50810\/revisions\/50822"}],"wp:featuredmedia":[{"embeddable":true,"href":"https:\/\/arumbear.com\/ve\/wp-json\/wp\/v2\/media\/50811"}],"wp:attachment":[{"href":"https:\/\/arumbear.com\/ve\/wp-json\/wp\/v2\/media?parent=50810"}],"wp:term":[{"taxonomy":"category","embeddable":true,"href":"https:\/\/arumbear.com\/ve\/wp-json\/wp\/v2\/categories?post=50810"},{"taxonomy":"post_tag","embeddable":true,"href":"https:\/\/arumbear.com\/ve\/wp-json\/wp\/v2\/tags?post=50810"}],"curies":[{"name":"wp","href":"https:\/\/api.w.org\/{rel}","templated":true}]}}