{"id":50823,"date":"2026-03-11T15:20:57","date_gmt":"2026-03-11T19:20:57","guid":{"rendered":"https:\/\/arumbear.com\/ve\/?p=50823"},"modified":"2026-03-25T22:52:12","modified_gmt":"2026-03-26T02:52:12","slug":"valeria-cannavo-debuto-en-la-semana-de-la-moda-de-nueva-york-fall-winter-2026","status":"publish","type":"post","link":"https:\/\/arumbear.com\/ve\/valeria-cannavo-debuto-en-la-semana-de-la-moda-de-nueva-york-fall-winter-2026\/","title":{"rendered":"Valeria Cannav\u00f3 debut\u00f3 en la Semana de la Moda de Nueva York Fall\/Winter 2026"},"content":{"rendered":"\n<p><em><strong>Valeria Cannav\u00f3, Miss World Venezuela 2024, particip\u00f3 en la edici\u00f3n Fall\/Winter 2026 de la New York Fashion Week<\/strong><\/em>, donde desfil\u00f3 para los dise\u00f1adores Johana Hern\u00e1ndez, Will Franco e Idol Jos\u00e9. Su paso por la cita neoyorquina marc\u00f3 una nueva etapa en su proyecci\u00f3n dentro de la industria de la moda.<\/p>\n\n\n\n<p>La modelo venezolana form\u00f3 parte de una de las semanas m\u00e1s relevantes del calendario internacional con una agenda que incluy\u00f3 varias apariciones en pasarela y actividades vinculadas al circuito latinoamericano de la moda en Nueva York.<\/p>\n\n\n\n<p>Uno de sus primeros desfiles fue para Glaudi, firma de la dise\u00f1adora salvadore\u00f1a Johana Hern\u00e1ndez, en una propuesta de inspiraci\u00f3n nupcial. Luego particip\u00f3 en la presentaci\u00f3n del dise\u00f1ador mexicano Will Franco, donde mostr\u00f3 un registro distinto sobre la pasarela, m\u00e1s enfocado en la fuerza esc\u00e9nica y el ritmo de desfile.<\/p>\n\n\n\n<p>M\u00e1s adelante, Cannav\u00f3 tambi\u00e9n tuvo una participaci\u00f3n en el desfile del dise\u00f1ador venezolano Idol Jos\u00e9, en una salida de est\u00e9tica noventera que se convirti\u00f3 en uno de los momentos m\u00e1s comentados de su agenda durante la semana de la moda.<\/p>\n\n\n<div class=\"wp-block-image\">\n<figure class=\"aligncenter size-full\"><a href=\"https:\/\/arumbear.com\/ve\/wp-content\/uploads\/2026\/03\/valeria02.jpg\"><img loading=\"lazy\" decoding=\"async\" width=\"700\" height=\"551\" src=\"https:\/\/arumbear.com\/ve\/wp-content\/uploads\/2026\/03\/valeria02.jpg\" alt=\"\" class=\"wp-image-50827\" srcset=\"https:\/\/arumbear.com\/ve\/wp-content\/uploads\/2026\/03\/valeria02.jpg 700w, https:\/\/arumbear.com\/ve\/wp-content\/uploads\/2026\/03\/valeria02-300x236.jpg 300w, https:\/\/arumbear.com\/ve\/wp-content\/uploads\/2026\/03\/valeria02-696x548.jpg 696w, https:\/\/arumbear.com\/ve\/wp-content\/uploads\/2026\/03\/valeria02-534x420.jpg 534w\" sizes=\"auto, (max-width: 700px) 100vw, 700px\" \/><\/a><\/figure><\/div>\n\n\n<p class=\"has-white-color has-text-color has-link-color wp-elements-313113e91638075cb511b478546c81c4\">a<\/p>\n\n\n\n<p>Su presencia en Nueva York coincidi\u00f3 adem\u00e1s con la de otras venezolanas ligadas al mundo de la belleza y la moda, entre ellas Stephany Abasali, Valeria Di Martino y Clara Vegas, en una edici\u00f3n que volvi\u00f3 a reunir a varias figuras del pa\u00eds en uno de los principales escaparates de la industria.<\/p>\n\n\n\n<p>Fuera de la pasarela, Cannav\u00f3 asisti\u00f3 a actividades de la plataforma Fashion Designers of Latin America (FDLA), donde comparti\u00f3 con representantes del sector y sigui\u00f3 de cerca propuestas centradas en la artesan\u00eda y el dise\u00f1o latinoamericano. En ese contexto, tambi\u00e9n sostuvo un intercambio con la dise\u00f1adora espa\u00f1ola de impacto global Agatha Ruiz de la Prada.<\/p>\n\n\n\n<p>La Miss World Venezuela 2024 document\u00f3 parte de su experiencia en Nueva York a trav\u00e9s de sus plataformas digitales, donde mostr\u00f3 im\u00e1genes de backstage, pruebas de vestuario y parte de su agenda en la ciudad. Esa cobertura permiti\u00f3 seguir de cerca su participaci\u00f3n en una etapa nueva que marca un paso importante en su desarrollo profesional.<\/p>\n\n\n\n<p>Con este debut en la New York Fashion Week Fall\/Winter 2026, Valeria Cannav\u00f3 suma una nueva experiencia internacional a su carrera y se incorpora a una din\u00e1mica de trabajo que la acerca cada vez m\u00e1s al circuito global de la moda.<\/p>\n\n\n\n<p><strong>Coordenadas: <a href=\"https:\/\/www.instagram.com\/_valeriacannavo\" data-type=\"link\" data-id=\"https:\/\/www.instagram.com\/_valeriacannavo\" target=\"_blank\" rel=\"noreferrer noopener\">@_valeriacannavo<\/a><\/strong><\/p>\n\n\n\n<figure class=\"wp-block-gallery has-nested-images columns-default is-cropped wp-block-gallery-1 is-layout-flex wp-block-gallery-is-layout-flex\">\n<figure class=\"wp-block-image size-full\"><a href=\"https:\/\/arumbear.com\/ve\/wp-content\/uploads\/2026\/03\/valeria03.jpg\" target=\"_blank\"><img loading=\"lazy\" decoding=\"async\" width=\"883\" height=\"1200\" data-id=\"50828\" src=\"https:\/\/arumbear.com\/ve\/wp-content\/uploads\/2026\/03\/valeria03.jpg\" alt=\"\" class=\"wp-image-50828\" srcset=\"https:\/\/arumbear.com\/ve\/wp-content\/uploads\/2026\/03\/valeria03.jpg 883w, https:\/\/arumbear.com\/ve\/wp-content\/uploads\/2026\/03\/valeria03-221x300.jpg 221w, https:\/\/arumbear.com\/ve\/wp-content\/uploads\/2026\/03\/valeria03-753x1024.jpg 753w, https:\/\/arumbear.com\/ve\/wp-content\/uploads\/2026\/03\/valeria03-768x1044.jpg 768w, https:\/\/arumbear.com\/ve\/wp-content\/uploads\/2026\/03\/valeria03-696x946.jpg 696w, https:\/\/arumbear.com\/ve\/wp-content\/uploads\/2026\/03\/valeria03-309x420.jpg 309w\" sizes=\"auto, (max-width: 883px) 100vw, 883px\" \/><\/a><\/figure>\n\n\n\n<figure class=\"wp-block-image size-full\"><a href=\"https:\/\/arumbear.com\/ve\/wp-content\/uploads\/2026\/03\/valeria04.jpg\" target=\"_blank\"><img loading=\"lazy\" decoding=\"async\" width=\"883\" height=\"1200\" data-id=\"50829\" src=\"https:\/\/arumbear.com\/ve\/wp-content\/uploads\/2026\/03\/valeria04.jpg\" alt=\"\" class=\"wp-image-50829\" srcset=\"https:\/\/arumbear.com\/ve\/wp-content\/uploads\/2026\/03\/valeria04.jpg 883w, https:\/\/arumbear.com\/ve\/wp-content\/uploads\/2026\/03\/valeria04-221x300.jpg 221w, https:\/\/arumbear.com\/ve\/wp-content\/uploads\/2026\/03\/valeria04-753x1024.jpg 753w, https:\/\/arumbear.com\/ve\/wp-content\/uploads\/2026\/03\/valeria04-768x1044.jpg 768w, https:\/\/arumbear.com\/ve\/wp-content\/uploads\/2026\/03\/valeria04-696x946.jpg 696w, https:\/\/arumbear.com\/ve\/wp-content\/uploads\/2026\/03\/valeria04-309x420.jpg 309w\" sizes=\"auto, (max-width: 883px) 100vw, 883px\" \/><\/a><\/figure>\n<\/figure>\n\n\n\n<hr class=\"wp-block-separator has-text-color has-luminous-vivid-orange-color has-alpha-channel-opacity has-luminous-vivid-orange-background-color has-background is-style-wide\"\/>\n\n\n\n<p><em>Por: Julio Alcal\u00e1 \/ <a href=\"https:\/\/www.instagram.com\/julioprensaynegocios\" data-type=\"link\" data-id=\"https:\/\/www.instagram.com\/julioprensaynegocios\" target=\"_blank\" rel=\"noreferrer noopener\">@julioprensaynegocios<\/a><\/em><\/p>\n\n\n\n<hr class=\"wp-block-separator has-text-color has-luminous-vivid-orange-color has-alpha-channel-opacity has-luminous-vivid-orange-background-color has-background is-style-wide\"\/>\n","protected":false},"excerpt":{"rendered":"<p>Valeria Cannav\u00f3, Miss World Venezuela 2024, particip\u00f3 en la edici\u00f3n Fall\/Winter 2026 de la New York Fashion Week, donde desfil\u00f3 para los dise\u00f1adores Johana Hern\u00e1ndez, Will Franco e Idol Jos\u00e9. Su paso por la cita neoyorquina marc\u00f3 una nueva etapa en su proyecci\u00f3n dentro de la industria de la moda. La modelo venezolana form\u00f3 parte <\/p>\n","protected":false},"author":3,"featured_media":50826,"comment_status":"closed","ping_status":"open","sticky":false,"template":"","format":"standard","meta":{"footnotes":""},"categories":[2,1311],"tags":[],"class_list":["post-50823","post","type-post","status-publish","format-standard","has-post-thumbnail","hentry","category-featured","category-moda"],"_links":{"self":[{"href":"https:\/\/arumbear.com\/ve\/wp-json\/wp\/v2\/posts\/50823","targetHints":{"allow":["GET"]}}],"collection":[{"href":"https:\/\/arumbear.com\/ve\/wp-json\/wp\/v2\/posts"}],"about":[{"href":"https:\/\/arumbear.com\/ve\/wp-json\/wp\/v2\/types\/post"}],"author":[{"embeddable":true,"href":"https:\/\/arumbear.com\/ve\/wp-json\/wp\/v2\/users\/3"}],"replies":[{"embeddable":true,"href":"https:\/\/arumbear.com\/ve\/wp-json\/wp\/v2\/comments?post=50823"}],"version-history":[{"count":3,"href":"https:\/\/arumbear.com\/ve\/wp-json\/wp\/v2\/posts\/50823\/revisions"}],"predecessor-version":[{"id":50830,"href":"https:\/\/arumbear.com\/ve\/wp-json\/wp\/v2\/posts\/50823\/revisions\/50830"}],"wp:featuredmedia":[{"embeddable":true,"href":"https:\/\/arumbear.com\/ve\/wp-json\/wp\/v2\/media\/50826"}],"wp:attachment":[{"href":"https:\/\/arumbear.com\/ve\/wp-json\/wp\/v2\/media?parent=50823"}],"wp:term":[{"taxonomy":"category","embeddable":true,"href":"https:\/\/arumbear.com\/ve\/wp-json\/wp\/v2\/categories?post=50823"},{"taxonomy":"post_tag","embeddable":true,"href":"https:\/\/arumbear.com\/ve\/wp-json\/wp\/v2\/tags?post=50823"}],"curies":[{"name":"wp","href":"https:\/\/api.w.org\/{rel}","templated":true}]}}