{"id":51414,"date":"2026-04-28T17:16:49","date_gmt":"2026-04-28T21:16:49","guid":{"rendered":"https:\/\/arumbear.com\/ve\/?p=51414"},"modified":"2026-04-28T23:48:41","modified_gmt":"2026-04-29T03:48:41","slug":"la-dimension-latina-y-la-sinfonica-ayacucho-se-unen-en-un-tributo-historico-a-willie-colon","status":"publish","type":"post","link":"https:\/\/arumbear.com\/ve\/la-dimension-latina-y-la-sinfonica-ayacucho-se-unen-en-un-tributo-historico-a-willie-colon\/","title":{"rendered":"La Dimensi\u00f3n Latina y la Sinf\u00f3nica Ayacucho se unen en un tributo hist\u00f3rico a Willie Col\u00f3n"},"content":{"rendered":"\n<p><em><strong>La legendaria orquesta La Dimensi\u00f3n Latina, la prestigiosa Sinf\u00f3nica Ayacucho y La Alcald\u00eda de Baruta, presentar\u00e1n \u201cLa Dimensi\u00f3n Sinf\u00f3nica\u201d, un espect\u00e1culo sin precedentes titulado \u00abEl d\u00eda de tu suerte\u00bb en homenaje al recordado cantautor y trombonista estadounidense Willie Col\u00f3n.<\/strong><\/em><\/p>\n\n\n\n<p><strong>Este concierto \u00fanico, se llevar\u00e1 a cabo el pr\u00f3ximo s\u00e1bado 23 de mayo de 2026 en la Concha Ac\u00fastica de Colinas de Bello Monte, en Caracas.<\/strong> Bajo la direcci\u00f3n de la maestra Elisa Vegas y la conducci\u00f3n musical del maestro C\u00e9sar Monges, mejor conocido como \u201cAlb\u00f3ndiga\u201d, el evento marcar\u00e1 un hito en la historia musical de Venezuela al lograr fusionar por primera vez la fuerza y el sabor caribe\u00f1o de la salsa con la imponente potencia de una orquesta sinf\u00f3nica.<\/p>\n\n\n\n<p>El repertorio ha sido dise\u00f1ado como un viaje emocional que incluir\u00e1 una reinterpretaci\u00f3n sinf\u00f3nica de los grandes \u00e9xitos de Willie Col\u00f3n y de la propia Dimensi\u00f3n Latina, piezas que forman parte esencial de la memoria colectiva y la identidad de varias generaciones de venezolanos. Este encuentro celebra la trayectoria de dos instituciones de alto nivel.<\/p>\n\n\n\n<p>Por un lado, La Dimensi\u00f3n Latina llega con el respaldo de m\u00e1s de cinco d\u00e9cadas de \u00e9xito que la consolidan como una de las orquestas de salsa m\u00e1s importantes de Am\u00e9rica Latina. Por el otro, la Sinf\u00f3nica Ayacucho reafirma su posici\u00f3n como una de las principales instituciones musicales del pa\u00eds, destac\u00e1ndose no solo por su excelencia interpretativa, sino tambi\u00e9n por su constante esfuerzo en la captaci\u00f3n de nuevos p\u00fablicos.<\/p>\n\n\n\n<p>Adem\u00e1s de su valor cultural, el evento posee un importante componente social que busca retribuir a la comunidad y al arte nacional. Parte de los fondos recaudados durante el concierto ser\u00e1n destinados al Programa de Becas de formaci\u00f3n para los j\u00f3venes talentos de la Sinf\u00f3nica Ayacucho, as\u00ed como a la restauraci\u00f3n de las invaluables obras murales del maestro Alejandro Otero que decoran la Concha Ac\u00fastica de Colinas de Bello Monte, contribuyendo as\u00ed a la preservaci\u00f3n del patrimonio arquitect\u00f3nico de la ciudad.<\/p>\n\n\n\n<p><strong>Las entradas est\u00e1n disponibles a trav\u00e9s de: <a href=\"https:\/\/www.goliiive.com\/la-dimension-sinfonica-tributo-a-willie-colon\" data-type=\"link\" data-id=\"https:\/\/www.goliiive.com\/la-dimension-sinfonica-tributo-a-willie-colon\" target=\"_blank\" rel=\"noreferrer noopener\">www.goliiive.com<\/a><\/strong><\/p>\n\n\n\n<p><strong>Para mayor informaci\u00f3n sobre el evento pueden seguir las cuentas: <a href=\"https:\/\/www.instagram.com\/ladimensionlatina\/\" data-type=\"link\" data-id=\"https:\/\/www.instagram.com\/ladimensionlatina\/\" target=\"_blank\" rel=\"noreferrer noopener\">@ladimensionlatina<\/a> <a href=\"https:\/\/www.instagram.com\/sinfonicayacucho\/\" data-type=\"link\" data-id=\"https:\/\/www.instagram.com\/sinfonicayacucho\/\" target=\"_blank\" rel=\"noreferrer noopener\">@sinfonicayacucho<\/a> <a href=\"https:\/\/www.instagram.com\/elisa.vegas\/\" data-type=\"link\" data-id=\"https:\/\/www.instagram.com\/elisa.vegas\/\" target=\"_blank\" rel=\"noreferrer noopener\">@elisa.vegas<\/a> <a href=\"https:\/\/www.instagram.com\/alcaldiabaruta\/\" data-type=\"link\" data-id=\"https:\/\/www.instagram.com\/alcaldiabaruta\/\" target=\"_blank\" rel=\"noreferrer noopener\">@alcadiabaruta<\/a> <a href=\"https:\/\/www.instagram.com\/nosvemosenlaconcha\/\" data-type=\"link\" data-id=\"https:\/\/www.instagram.com\/nosvemosenlaconcha\/\" target=\"_blank\" rel=\"noreferrer noopener\">@nosvemosenlaconcha<\/a><\/strong><\/p>\n\n\n<div class=\"wp-block-image\">\n<figure class=\"aligncenter size-full\"><a href=\"https:\/\/arumbear.com\/ve\/wp-content\/uploads\/2026\/04\/dimension02.jpg\"><img loading=\"lazy\" decoding=\"async\" width=\"700\" height=\"394\" src=\"https:\/\/arumbear.com\/ve\/wp-content\/uploads\/2026\/04\/dimension02.jpg\" alt=\"\" class=\"wp-image-51416\" srcset=\"https:\/\/arumbear.com\/ve\/wp-content\/uploads\/2026\/04\/dimension02.jpg 700w, https:\/\/arumbear.com\/ve\/wp-content\/uploads\/2026\/04\/dimension02-300x169.jpg 300w, https:\/\/arumbear.com\/ve\/wp-content\/uploads\/2026\/04\/dimension02-696x392.jpg 696w\" sizes=\"auto, (max-width: 700px) 100vw, 700px\" \/><\/a><\/figure><\/div>\n\n\n<hr class=\"wp-block-separator has-text-color has-luminous-vivid-orange-color has-alpha-channel-opacity has-luminous-vivid-orange-background-color has-background is-style-wide\"\/>\n\n\n\n<p>Prensa: Manuel Rodr\u00edguez \/ Mr Medios &amp; Comunicaciones<br><a href=\"https:\/\/www.instagram.com\/ElManuRodriguez\" target=\"_blank\" rel=\"noreferrer noopener\">@ElManuRodriguez<\/a><\/p>\n\n\n\n<hr class=\"wp-block-separator has-text-color has-luminous-vivid-orange-color has-alpha-channel-opacity has-luminous-vivid-orange-background-color has-background is-style-wide\"\/>\n","protected":false},"excerpt":{"rendered":"<p>La legendaria orquesta La Dimensi\u00f3n Latina, la prestigiosa Sinf\u00f3nica Ayacucho y La Alcald\u00eda de Baruta, presentar\u00e1n \u201cLa Dimensi\u00f3n Sinf\u00f3nica\u201d, un espect\u00e1culo sin precedentes titulado \u00abEl d\u00eda de tu suerte\u00bb en homenaje al recordado cantautor y trombonista estadounidense Willie Col\u00f3n. Este concierto \u00fanico, se llevar\u00e1 a cabo el pr\u00f3ximo s\u00e1bado 23 de mayo de 2026 en <\/p>\n","protected":false},"author":3,"featured_media":51415,"comment_status":"closed","ping_status":"open","sticky":false,"template":"","format":"standard","meta":{"footnotes":""},"categories":[25],"tags":[],"class_list":["post-51414","post","type-post","status-publish","format-standard","has-post-thumbnail","hentry","category-eventos"],"_links":{"self":[{"href":"https:\/\/arumbear.com\/ve\/wp-json\/wp\/v2\/posts\/51414","targetHints":{"allow":["GET"]}}],"collection":[{"href":"https:\/\/arumbear.com\/ve\/wp-json\/wp\/v2\/posts"}],"about":[{"href":"https:\/\/arumbear.com\/ve\/wp-json\/wp\/v2\/types\/post"}],"author":[{"embeddable":true,"href":"https:\/\/arumbear.com\/ve\/wp-json\/wp\/v2\/users\/3"}],"replies":[{"embeddable":true,"href":"https:\/\/arumbear.com\/ve\/wp-json\/wp\/v2\/comments?post=51414"}],"version-history":[{"count":4,"href":"https:\/\/arumbear.com\/ve\/wp-json\/wp\/v2\/posts\/51414\/revisions"}],"predecessor-version":[{"id":51427,"href":"https:\/\/arumbear.com\/ve\/wp-json\/wp\/v2\/posts\/51414\/revisions\/51427"}],"wp:featuredmedia":[{"embeddable":true,"href":"https:\/\/arumbear.com\/ve\/wp-json\/wp\/v2\/media\/51415"}],"wp:attachment":[{"href":"https:\/\/arumbear.com\/ve\/wp-json\/wp\/v2\/media?parent=51414"}],"wp:term":[{"taxonomy":"category","embeddable":true,"href":"https:\/\/arumbear.com\/ve\/wp-json\/wp\/v2\/categories?post=51414"},{"taxonomy":"post_tag","embeddable":true,"href":"https:\/\/arumbear.com\/ve\/wp-json\/wp\/v2\/tags?post=51414"}],"curies":[{"name":"wp","href":"https:\/\/api.w.org\/{rel}","templated":true}]}}