{"id":52818,"date":"2026-08-31T11:33:50","date_gmt":"2026-08-31T15:33:50","guid":{"rendered":"https:\/\/arumbear.com\/ve\/?p=52818"},"modified":"2026-08-31T11:34:43","modified_gmt":"2026-08-31T15:34:43","slug":"bajo-el-arbol-anuncia-el-regreso-de-la-clave-con-guaco-y-ritmo-candela","status":"publish","type":"post","link":"https:\/\/arumbear.com\/ve\/bajo-el-arbol-anuncia-el-regreso-de-la-clave-con-guaco-y-ritmo-candela\/","title":{"rendered":"Bajo el \u00c1rbol anuncia el regreso de La Clave con Guaco y Ritmo Candela"},"content":{"rendered":"\n<p><em><strong>Un reencuentro que celebra la vida y la solidaridad<\/strong><\/em><\/p>\n\n\n\n<p>Tras semanas dedicadas a la asistencia en comunidades vulnerables, la plataforma cultural reanuda su agenda el pr\u00f3ximo <strong>25 de septiembre<\/strong> bajo el lema \u201cNos volvemos a encontrar\u201d. La velada sumar\u00e1 a la emblem\u00e1tica Superbanda de Venezuela y convertir\u00e1 al evento en un gran centro de acopio.\u00a0<\/p>\n\n\n\n<p>El pasado 24 de junio, tras el sismo que afect\u00f3 a distintas zonas del pa\u00eds, la edici\u00f3n de La Clave pautada para esa misma semana tuvo que ser pausada. Ante la emergencia, la empresa de entretenimiento y plataforma cultural Bajo el \u00c1rbol asumi\u00f3 una premisa clara: reprogramar los encuentros festivos y volcar su capacidad operativa al servicio de las familias afectadas. Esa labor de acopio, movilizaci\u00f3n y entrega de insumos en refugios y sectores prioritarios de Caracas se ha mantenido viva desde entonces, bajo la convicci\u00f3n de sus directores, Jean Paul y Silvia, de estar presentes y apoyar \u00abhasta que haga falta\u00bb.<\/p>\n\n\n\n<p>Dos meses despu\u00e9s, La Clave se prepara para volver a abrir sus espacios. El pr\u00f3ximo 25 de septiembre de 2026, el evento bandera de la m\u00fasica tropical en la capital regresa con una propuesta que busca sanar, acompa\u00f1ar y reconstruir el tejido social a trav\u00e9s del ritmo y el apoyo mutuo.<\/p>\n\n\n\n<p>Bajo la premisa \u00abNos volvemos a encontrar\u00bb, esta edici\u00f3n adquiere un significado especial al contar con la presentaci\u00f3n estelar de Guaco, acompa\u00f1ados del sabor de la agrupaci\u00f3n Ritmo Candela. La Superbanda de Venezuela le pondr\u00e1 el sonido a una noche muy esperada, interpretando los temas que forman parte de la memoria afectiva y el ADN cultural del venezolano. El concierto invita al p\u00fablico a reconectarse con sus ra\u00edces y a abrazar la alegr\u00eda colectiva como una herramienta genuina de resiliencia.<\/p>\n\n\n\n<p>Fieles a su compromiso social, los organizadores anunciaron que a partir de esta fecha de septiembre, La Clave integrar\u00e1 de forma permanente un gran centro de acopio en la entrada del evento. Se movilizar\u00e1 a los m\u00e1s de 3.000 asistentes para recolectar insumos destinados a las comunidades que a\u00fan atraviesan momentos complejos, transformando la celebraci\u00f3n en un canal directo de solidaridad.<\/p>\n\n\n\n<p><strong>Las entradas y c\u00f3digos QR adquiridos para la fecha suspendida en junio ser\u00e1n 100% v\u00e1lidos para ingresar de forma directa este 25 de septiembre.<\/strong> Igualmente, de acuerdo a Bajo el \u00c1rbol, aquellos usuarios que deseen solicitar un canje para otra edici\u00f3n del a\u00f1o o requerir la devoluci\u00f3n de su boleto, contar\u00e1n con atenci\u00f3n directa mediante la plataforma GoLiiive.<\/p>\n\n\n\n<p>Con esta velada, Bajo el \u00c1rbol reafirma su prop\u00f3sito de crear refugios de encuentro con est\u00e1ndares de calidad y coraz\u00f3n local, donde el arte y la comunidad se abrazan para construir juntos.<\/p>\n\n\n\n<p><strong>Para m\u00e1s detalles sobre la boleter\u00eda y la log\u00edstica del centro de acopio, visita las cuentas oficiales en Instagram: <a href=\"https:\/\/www.instagram.com\/bajoelarbol\/\" data-type=\"link\" data-id=\"https:\/\/www.instagram.com\/bajoelarbol\/\" target=\"_blank\" rel=\"noreferrer noopener\">@bajoelarbol<\/a> y <a href=\"https:\/\/www.instagram.com\/goliiive.ve\/\" data-type=\"link\" data-id=\"https:\/\/www.instagram.com\/goliiive.ve\/\" target=\"_blank\" rel=\"noreferrer noopener\">@goliiive.ve<\/a><\/strong><\/p>\n\n\n\n<hr class=\"wp-block-separator has-text-color has-luminous-vivid-orange-color has-alpha-channel-opacity has-luminous-vivid-orange-background-color has-background is-style-wide\"\/>\n\n\n\n<p>Prensa: Camila Herrera Rojas | YM Agency<br><a href=\"https:\/\/www.instagram.com\/ymagency_\" target=\"_blank\" rel=\"noreferrer noopener\">@ymagency_<\/a><\/p>\n\n\n\n<hr class=\"wp-block-separator has-text-color has-luminous-vivid-orange-color has-alpha-channel-opacity has-luminous-vivid-orange-background-color has-background is-style-wide\"\/>\n","protected":false},"excerpt":{"rendered":"<p>Un reencuentro que celebra la vida y la solidaridad Tras semanas dedicadas a la asistencia en comunidades vulnerables, la plataforma cultural reanuda su agenda el pr\u00f3ximo 25 de septiembre bajo el lema \u201cNos volvemos a encontrar\u201d. La velada sumar\u00e1 a la emblem\u00e1tica Superbanda de Venezuela y convertir\u00e1 al evento en un gran centro de acopio.\u00a0 <\/p>\n","protected":false},"author":3,"featured_media":52820,"comment_status":"closed","ping_status":"open","sticky":false,"template":"","format":"standard","meta":{"footnotes":""},"categories":[25],"tags":[],"class_list":["post-52818","post","type-post","status-publish","format-standard","has-post-thumbnail","hentry","category-eventos"],"_links":{"self":[{"href":"https:\/\/arumbear.com\/ve\/wp-json\/wp\/v2\/posts\/52818","targetHints":{"allow":["GET"]}}],"collection":[{"href":"https:\/\/arumbear.com\/ve\/wp-json\/wp\/v2\/posts"}],"about":[{"href":"https:\/\/arumbear.com\/ve\/wp-json\/wp\/v2\/types\/post"}],"author":[{"embeddable":true,"href":"https:\/\/arumbear.com\/ve\/wp-json\/wp\/v2\/users\/3"}],"replies":[{"embeddable":true,"href":"https:\/\/arumbear.com\/ve\/wp-json\/wp\/v2\/comments?post=52818"}],"version-history":[{"count":3,"href":"https:\/\/arumbear.com\/ve\/wp-json\/wp\/v2\/posts\/52818\/revisions"}],"predecessor-version":[{"id":52822,"href":"https:\/\/arumbear.com\/ve\/wp-json\/wp\/v2\/posts\/52818\/revisions\/52822"}],"wp:featuredmedia":[{"embeddable":true,"href":"https:\/\/arumbear.com\/ve\/wp-json\/wp\/v2\/media\/52820"}],"wp:attachment":[{"href":"https:\/\/arumbear.com\/ve\/wp-json\/wp\/v2\/media?parent=52818"}],"wp:term":[{"taxonomy":"category","embeddable":true,"href":"https:\/\/arumbear.com\/ve\/wp-json\/wp\/v2\/categories?post=52818"},{"taxonomy":"post_tag","embeddable":true,"href":"https:\/\/arumbear.com\/ve\/wp-json\/wp\/v2\/tags?post=52818"}],"curies":[{"name":"wp","href":"https:\/\/api.w.org\/{rel}","templated":true}]}}