{"id":52823,"date":"2026-08-31T17:00:01","date_gmt":"2026-08-31T21:00:01","guid":{"rendered":"https:\/\/arumbear.com\/ve\/?p=52823"},"modified":"2026-08-31T17:00:03","modified_gmt":"2026-08-31T21:00:03","slug":"reprogramado-el-concierto-caracas-en-ritmo","status":"publish","type":"post","link":"https:\/\/arumbear.com\/ve\/reprogramado-el-concierto-caracas-en-ritmo\/","title":{"rendered":"REPROGRAMADO el concierto \u201cCaracas en ritmo\u201d"},"content":{"rendered":"\n<p>Ante los lamentables eventos s\u00edsmicos ocurridos el pasado 24 de junio en el pa\u00eds, y priorizando en todo momento la seguridad, integridad y bienestar de los asistentes, artistas y equipo de producci\u00f3n, tomamos la decisi\u00f3n de posponer el evento programado para el 25 de julio en Caracas. <strong>Nos complace anunciar que el concierto ha sido reprogramado para el s\u00e1bado 31 de octubre y tendr\u00e1 lugar en la Concha Ac\u00fastica de Bello Monte<\/strong>, un espacio ic\u00f3nico que brindar\u00e1 la mejor experiencia para disfrutar del talento de La Mosca Ts\u00e9-Ts\u00e9 (Argentina), Alkilados (Colombia) y James Lakay (Venezuela).<\/p>\n\n\n\n<p><strong>Sensibles ante la coyuntura que atraviesa el pa\u00eds y en solidaridad con nuestra gente, hemos tomado las siguientes medidas especiales:<\/strong><\/p>\n\n\n\n<ul class=\"wp-block-list\">\n<li><strong>Nuevos precios de entradas: <\/strong>con el fin de facilitar el acceso a todo el p\u00fablico, ajustamos las tarifas de las entradas a $50 para la zona VIP y $30 para la zona General.<\/li>\n<\/ul>\n\n\n\n<ul class=\"wp-block-list\">\n<li><strong>Compensaci\u00f3n a compradores:<\/strong> a todas las personas que ya hab\u00edan adquirido sus entradas previamente, se les otorgar\u00e1 dos (2) tickets adicionales sin costo alguno como gesto de agradecimiento por su paciencia, apoyo y fidelidad.<\/li>\n<\/ul>\n\n\n\n<ul class=\"wp-block-list\">\n<li><strong>Aporte solidario: <\/strong>un porcentaje de la recaudaci\u00f3n total de la boleter\u00eda ser\u00e1 donado a una instituci\u00f3n ben\u00e9fica destinada al apoyo de las familias venezolanas damnificadas por los recientes acontecimientos.<\/li>\n<\/ul>\n\n\n\n<p>Agradecemos profundamente la comprensi\u00f3n del p\u00fablico, as\u00ed como la disposici\u00f3n de los artistas y patrocinadores para hacer posible este reencuentro.<\/p>\n\n\n\n<p>Mantendremos informados a todos a trav\u00e9s de nuestros canales oficiales sobre la venta de nuevos boletos.<\/p>\n\n\n\n<p>\u00a1Los esperamos este 31 de octubre para compartir una noche inolvidable de m\u00fasica, uni\u00f3n y solidaridad!<\/p>\n\n\n\n<p><strong>Para conocer m\u00e1s sobre LA MOSCA, ALKILADOS y JAMES LAKAY, pueden seguirlos por sus cuentas oficiales en las redes sociales<\/strong>:<\/p>\n\n\n\n<p><a href=\"https:\/\/www.instagram.com\/lamoscaoficial\" target=\"_blank\" rel=\"noreferrer noopener\">https:\/\/www.instagram.com\/lamoscaoficial<\/a><br><a href=\"https:\/\/www.instagram.com\/alkilados\" target=\"_blank\" rel=\"noreferrer noopener\">https:\/\/www.instagram.com\/alkilados<\/a><br><a href=\"https:\/\/www.instagram.com\/jdslakay\" target=\"_blank\" rel=\"noreferrer noopener\">https:\/\/www.instagram.com\/jdslakay<\/a><\/p>\n\n\n\n<hr class=\"wp-block-separator has-text-color has-luminous-vivid-orange-color has-alpha-channel-opacity has-luminous-vivid-orange-background-color has-background is-style-wide\"\/>\n\n\n\n<p>Prensa: Laura Sequera<br>Producciones OYE \/\u00a0<a href=\"https:\/\/www.instagram.com\/produccionesoye\" target=\"_blank\" rel=\"noreferrer noopener\">@produccionesoye<\/a>\u00a0<\/p>\n\n\n\n<hr class=\"wp-block-separator has-text-color has-luminous-vivid-orange-color has-alpha-channel-opacity has-luminous-vivid-orange-background-color has-background is-style-wide\"\/>\n","protected":false},"excerpt":{"rendered":"<p>Ante los lamentables eventos s\u00edsmicos ocurridos el pasado 24 de junio en el pa\u00eds, y priorizando en todo momento la seguridad, integridad y bienestar de los asistentes, artistas y equipo de producci\u00f3n, tomamos la decisi\u00f3n de posponer el evento programado para el 25 de julio en Caracas. Nos complace anunciar que el concierto ha sido <\/p>\n","protected":false},"author":3,"featured_media":52825,"comment_status":"closed","ping_status":"open","sticky":false,"template":"","format":"standard","meta":{"footnotes":""},"categories":[25],"tags":[],"class_list":["post-52823","post","type-post","status-publish","format-standard","has-post-thumbnail","hentry","category-eventos"],"_links":{"self":[{"href":"https:\/\/arumbear.com\/ve\/wp-json\/wp\/v2\/posts\/52823","targetHints":{"allow":["GET"]}}],"collection":[{"href":"https:\/\/arumbear.com\/ve\/wp-json\/wp\/v2\/posts"}],"about":[{"href":"https:\/\/arumbear.com\/ve\/wp-json\/wp\/v2\/types\/post"}],"author":[{"embeddable":true,"href":"https:\/\/arumbear.com\/ve\/wp-json\/wp\/v2\/users\/3"}],"replies":[{"embeddable":true,"href":"https:\/\/arumbear.com\/ve\/wp-json\/wp\/v2\/comments?post=52823"}],"version-history":[{"count":2,"href":"https:\/\/arumbear.com\/ve\/wp-json\/wp\/v2\/posts\/52823\/revisions"}],"predecessor-version":[{"id":52826,"href":"https:\/\/arumbear.com\/ve\/wp-json\/wp\/v2\/posts\/52823\/revisions\/52826"}],"wp:featuredmedia":[{"embeddable":true,"href":"https:\/\/arumbear.com\/ve\/wp-json\/wp\/v2\/media\/52825"}],"wp:attachment":[{"href":"https:\/\/arumbear.com\/ve\/wp-json\/wp\/v2\/media?parent=52823"}],"wp:term":[{"taxonomy":"category","embeddable":true,"href":"https:\/\/arumbear.com\/ve\/wp-json\/wp\/v2\/categories?post=52823"},{"taxonomy":"post_tag","embeddable":true,"href":"https:\/\/arumbear.com\/ve\/wp-json\/wp\/v2\/tags?post=52823"}],"curies":[{"name":"wp","href":"https:\/\/api.w.org\/{rel}","templated":true}]}}