{"id":52877,"date":"2026-09-02T21:11:22","date_gmt":"2026-09-03T01:11:22","guid":{"rendered":"https:\/\/arumbear.com\/ve\/?p=52877"},"modified":"2026-09-02T21:11:23","modified_gmt":"2026-09-03T01:11:23","slug":"hijos-de-la-belle-abre-las-puertas-de-su-teoria-del-caos","status":"publish","type":"post","link":"https:\/\/arumbear.com\/ve\/hijos-de-la-belle-abre-las-puertas-de-su-teoria-del-caos\/","title":{"rendered":"Hijos de La Belle abre las puertas de su \u201cTeor\u00eda del Caos\u201d"},"content":{"rendered":"\n<p><strong><em>La banda caraque\u00f1a presenta su primer EP con una listening session de entrada libre el 18 de septiembre en Altoque Records<\/em><\/strong><\/p>\n\n\n\n<p>Para quien lo haya vivido, entender que en Caracas tambi\u00e9n se crece a los golpes es casi una certeza. Es as\u00ed que, entre la incertidumbre, las preguntas que aparecen demasiado pronto y un pa\u00eds que obliga a madurar antes de tiempo, tres adolescentes encontraron en el rock una forma de decir lo que todav\u00eda no saben c\u00f3mo explicar. De ah\u00ed sale Teor\u00eda del Caos, el primer EP de Hijos de La Belle.<\/p>\n\n\n\n<p>M\u00e1s all\u00e1 de la inmediatez del streaming, la m\u00fasica demanda un espacio para el encuentro. Por ello, el pr\u00f3ximo viernes 18 de septiembre, a las 4:00 de la tarde, Hijos de La Belle traslada Teor\u00eda del Caos del algoritmo a la realidad: una listening session de entrada libre en Altoque Records, en el Centro Comercial Concresa. Ser\u00e1 la oportunidad de recorrer, junto a los seguidores del rock nacional, las seis piezas que componen este debut discogr\u00e1fico, marcando el primer paso firme de una banda que comienza a cimentar su voz en la escena caraque\u00f1a.<\/p>\n\n\n\n<p><strong>Crecer en la incertidumbre: la banda sonora de una generaci\u00f3n que aprendi\u00f3 a preguntar<\/strong><br>Hay un peso espec\u00edfico, casi una declaraci\u00f3n de principios, en que Teor\u00eda del Caos surja de este momento vital y de esta ciudad. Sus canciones no se refugian en la abstracci\u00f3n adolescente; por el contrario, navegan entre la crisis de identidad y el laberinto emocional, con el contexto venezolano gravitando siempre como una presencia inevitable. Crecer, para ellos, es el ejercicio urgente de descifrar el entorno.<\/p>\n\n\n\n<p>El tr\u00edo compuesto por Mat\u00edas Romero (voz y guitarra), Gael Romero (bater\u00eda) y Santiago Salazar (bajo) cristaliza estas inquietudes en seis piezas: \u00abPreguntas\u00bb, \u00abNo Quiero Verte\u00bb, \u00abLa Cueva\u00bb, \u00abPorque te Vas\u00bb, \u00abDos o a Mil\u00bb y \u00abRomper\u00e9 la M\u00e1scara\u00bb. M\u00e1s que un debut discogr\u00e1fico, el EP se revela como una cartograf\u00eda de las contradicciones de una generaci\u00f3n que apenas comienza a nombrar sus heridas, pero que ya ha comprendido que el rock es, ante todo, el idioma necesario para procesarlas.<\/p>\n\n\n\n<p><strong>Un debut con nombres propios detr\u00e1s de la consola<\/strong><br>El debut, adem\u00e1s, fue construido con una rigurosidad poco habitual para una primera producci\u00f3n. El bajo y la bater\u00eda fueron grabados en Estudio La Santa M\u00f3nica, las guitarras y voces principales en Remoto Estudio y las texturas vocales complementarias en Sweet Spot Studios. En el proceso participaron m\u00fasicos, productores e ingenieros vinculados a algunos de los proyectos m\u00e1s reconocidos del rock venezolano.<\/p>\n\n\n\n<p>David \u201cChapis\u201d Lasca estuvo al frente de la producci\u00f3n musical; Fidel Goa asumi\u00f3 la mezcla y Ricardo Mart\u00ednez la masterizaci\u00f3n. El equipo re\u00fane experiencia con artistas como Malanga, La Vida Boh\u00e8me, Caramelos de Cianuro, Viniloversus y Famasloop, adem\u00e1s de reconocimientos internacionales como Latin Grammy.<\/p>\n\n\n<div class=\"wp-block-image\">\n<figure class=\"aligncenter size-full\"><a href=\"https:\/\/arumbear.com\/ve\/wp-content\/uploads\/2026\/09\/hijos02.jpg\"><img loading=\"lazy\" decoding=\"async\" width=\"700\" height=\"700\" src=\"https:\/\/arumbear.com\/ve\/wp-content\/uploads\/2026\/09\/hijos02.jpg\" alt=\"\" class=\"wp-image-52879\" srcset=\"https:\/\/arumbear.com\/ve\/wp-content\/uploads\/2026\/09\/hijos02.jpg 700w, https:\/\/arumbear.com\/ve\/wp-content\/uploads\/2026\/09\/hijos02-300x300.jpg 300w, https:\/\/arumbear.com\/ve\/wp-content\/uploads\/2026\/09\/hijos02-150x150.jpg 150w, https:\/\/arumbear.com\/ve\/wp-content\/uploads\/2026\/09\/hijos02-696x696.jpg 696w, https:\/\/arumbear.com\/ve\/wp-content\/uploads\/2026\/09\/hijos02-420x420.jpg 420w\" sizes=\"auto, (max-width: 700px) 100vw, 700px\" \/><\/a><\/figure><\/div>\n\n\n<p class=\"has-white-color has-text-color has-link-color wp-elements-313113e91638075cb511b478546c81c4\">a<\/p>\n\n\n\n<p><strong>La banda, sin intermediarios<\/strong><br>Pero si algo termina de explicar la identidad de Hijos de La Belle es la posibilidad de escuchar c\u00f3mo suenan juntos. Eso qued\u00f3 registrado en el Live Session Mix de \u201cPreguntas\u201d, grabado en M\u00e1kinaCrea Music &amp; Arts Studio y dirigido por Raquel Garc\u00eda. El audiovisual captura la fuerza interpretativa y la crudeza del directo sin renunciar al cuidado t\u00e9cnico de la producci\u00f3n.<\/p>\n\n\n\n<p>La listening session de Teor\u00eda del Caos ser\u00e1 otro ejercicio de esa misma l\u00f3gica: salir de las plataformas para encontrarse con quienes escuchan, conversar sobre las canciones y compartir un momento alrededor de un disco que apenas comienza su recorrido.<\/p>\n\n\n\n<p><strong>El rock como punto de encuentro<\/strong><br>En una escena musical que ha aprendido a resistir y reinventarse, Hijos de La Belle llega con algo tan sencillo como dif\u00edcil de conseguir: canciones propias, una banda que quiere tocar y seis razones para reunirse a escucharlas.<\/p>\n\n\n\n<p><strong>La cita es el viernes 18 de septiembre, a las 4:00 pm, en Altoque Records, Centro Comercial Concresa. La entrada es libre.<\/strong><\/p>\n\n\n\n<hr class=\"wp-block-separator has-text-color has-luminous-vivid-orange-color has-alpha-channel-opacity has-luminous-vivid-orange-background-color has-background is-style-wide\"\/>\n\n\n\n<p>Prensa: Giovannina Rodr\u00edguez Torcate |\u00a0<a href=\"https:\/\/www.instagram.com\/giorodrigueztor\" target=\"_blank\" rel=\"noreferrer noopener\">@giorodrigueztor<\/a><\/p>\n\n\n\n<hr class=\"wp-block-separator has-text-color has-luminous-vivid-orange-color has-alpha-channel-opacity has-luminous-vivid-orange-background-color has-background is-style-wide\"\/>\n","protected":false},"excerpt":{"rendered":"<p>La banda caraque\u00f1a presenta su primer EP con una listening session de entrada libre el 18 de septiembre en Altoque Records Para quien lo haya vivido, entender que en Caracas tambi\u00e9n se crece a los golpes es casi una certeza. Es as\u00ed que, entre la incertidumbre, las preguntas que aparecen demasiado pronto y un pa\u00eds <\/p>\n","protected":false},"author":3,"featured_media":52878,"comment_status":"closed","ping_status":"open","sticky":false,"template":"","format":"standard","meta":{"footnotes":""},"categories":[25],"tags":[],"class_list":["post-52877","post","type-post","status-publish","format-standard","has-post-thumbnail","hentry","category-eventos"],"_links":{"self":[{"href":"https:\/\/arumbear.com\/ve\/wp-json\/wp\/v2\/posts\/52877","targetHints":{"allow":["GET"]}}],"collection":[{"href":"https:\/\/arumbear.com\/ve\/wp-json\/wp\/v2\/posts"}],"about":[{"href":"https:\/\/arumbear.com\/ve\/wp-json\/wp\/v2\/types\/post"}],"author":[{"embeddable":true,"href":"https:\/\/arumbear.com\/ve\/wp-json\/wp\/v2\/users\/3"}],"replies":[{"embeddable":true,"href":"https:\/\/arumbear.com\/ve\/wp-json\/wp\/v2\/comments?post=52877"}],"version-history":[{"count":2,"href":"https:\/\/arumbear.com\/ve\/wp-json\/wp\/v2\/posts\/52877\/revisions"}],"predecessor-version":[{"id":52881,"href":"https:\/\/arumbear.com\/ve\/wp-json\/wp\/v2\/posts\/52877\/revisions\/52881"}],"wp:featuredmedia":[{"embeddable":true,"href":"https:\/\/arumbear.com\/ve\/wp-json\/wp\/v2\/media\/52878"}],"wp:attachment":[{"href":"https:\/\/arumbear.com\/ve\/wp-json\/wp\/v2\/media?parent=52877"}],"wp:term":[{"taxonomy":"category","embeddable":true,"href":"https:\/\/arumbear.com\/ve\/wp-json\/wp\/v2\/categories?post=52877"},{"taxonomy":"post_tag","embeddable":true,"href":"https:\/\/arumbear.com\/ve\/wp-json\/wp\/v2\/tags?post=52877"}],"curies":[{"name":"wp","href":"https:\/\/api.w.org\/{rel}","templated":true}]}}