{"id":52890,"date":"2026-09-02T21:44:10","date_gmt":"2026-09-03T01:44:10","guid":{"rendered":"https:\/\/arumbear.com\/ve\/?p=52890"},"modified":"2026-09-02T21:44:11","modified_gmt":"2026-09-03T01:44:11","slug":"canal-i-promueve-el-estilo-saludable","status":"publish","type":"post","link":"https:\/\/arumbear.com\/ve\/canal-i-promueve-el-estilo-saludable\/","title":{"rendered":"Canal i promueve el \u00abEstilo Saludable\u00bb"},"content":{"rendered":"\n<p><strong><em>Yolenny Salazar conduce el espacio que volvi\u00f3 renovado, estrenando set, todos los domingos a las 9:00 de la ma\u00f1ana.<\/em><\/strong><\/p>\n\n\n\n<p>Un espacio integral -enfocado en el bienestar, la calidad de vida y los h\u00e1bitos de salud consciente- sirve a Canal i para promover el \u00abEstilo Saludable\u00bb que todos merecemos.<\/p>\n\n\n\n<p>Conducido por Yolenny Salazar, con emisiones los domingos a las 9:00 de la ma\u00f1ana, el programa inici\u00f3 una nueva temporada estrenando set y secciones para brindar m\u00e1s herramientas en la voz de expertos. \u00bfC\u00f3mo? A trav\u00e9s de entrevistas a especialistas en nutrici\u00f3n, rutinas de ejercicios, salud mental y pr\u00e1cticas modernas que se proponen mejorar el d\u00eda a d\u00eda.<\/p>\n\n\n\n<p>Concebido como un espacio de valor para hacer digeribles, interesantes y pr\u00f3ximos esos temas \u00fatiles capaces de mejorar la calidad de vida y las rutinas diarias, el formato se abri\u00f3 paso en la pantalla y en las redes sociales en formato de c\u00e1psulas informativas. \u00abSu dinamismo y popularidad lo llevaron a evolucionar hasta consolidarse como un show estelar de entrevistas y demostraciones en vivo\u00bb, relata Salazar.<\/p>\n\n\n\n<p>Detr\u00e1s de la producci\u00f3n, un equipo multidisciplinario, entre camar\u00f3grafos, productores de campo, editores y equipo t\u00e9cnico, buscan abordar temas de gran inter\u00e9s al d\u00eda con las tendencias con profesionales de distintas especialidades m\u00e9dicas y deportivas que motiven al cambio.<\/p>\n\n\n\n<p>\u00abEl movimiento Wellness ya se ha extendido a nivel global, abarcando no solo la salud f\u00edsica, sino tambi\u00e9n el equilibrio mental, emocional y espiritual\u00bb, explica la animadora como parte de lo que la motiva a indagar en la materia.<\/p>\n\n\n<div class=\"wp-block-image\">\n<figure class=\"aligncenter size-full\"><a href=\"https:\/\/arumbear.com\/ve\/wp-content\/uploads\/2026\/09\/yole02.jpg\"><img loading=\"lazy\" decoding=\"async\" width=\"700\" height=\"500\" src=\"https:\/\/arumbear.com\/ve\/wp-content\/uploads\/2026\/09\/yole02.jpg\" alt=\"\" class=\"wp-image-52894\" srcset=\"https:\/\/arumbear.com\/ve\/wp-content\/uploads\/2026\/09\/yole02.jpg 700w, https:\/\/arumbear.com\/ve\/wp-content\/uploads\/2026\/09\/yole02-300x214.jpg 300w, https:\/\/arumbear.com\/ve\/wp-content\/uploads\/2026\/09\/yole02-100x70.jpg 100w, https:\/\/arumbear.com\/ve\/wp-content\/uploads\/2026\/09\/yole02-696x497.jpg 696w, https:\/\/arumbear.com\/ve\/wp-content\/uploads\/2026\/09\/yole02-588x420.jpg 588w\" sizes=\"auto, (max-width: 700px) 100vw, 700px\" \/><\/a><\/figure><\/div>\n\n\n<p class=\"has-white-color has-text-color has-link-color wp-elements-313113e91638075cb511b478546c81c4\">a<\/p>\n\n\n\n<p>Junto a ellos se ha propuesto promover un formato moderno cuya l\u00ednea gr\u00e1fica y enfoque din\u00e1mico lo impulsan como toda una multiplataforma. Que llega a trav\u00e9s de las redes sociales, canal de YouTube y se\u00f1al abierta en Canal i, para conectar en tiempo real con la audiencia.<\/p>\n\n\n\n<p>\u00abLa estructura principal se graba en estudio, pero realizamos constantes salidas a exteriores para mostrar rutinas de entrenamiento, centros de belleza, tratamientos en vivo, incluso quir\u00fargicos, as\u00ed como tambi\u00e9n la presencia en eventos especiales del \u00e1rea\u00bb, asoma Yolenny.<\/p>\n\n\n\n<p>El espacio va destinado a toda la familia, con especial inter\u00e9s en adultos y j\u00f3venes que buscan mejorar sus h\u00e1bitos cotidianos.<\/p>\n\n\n\n<p>\u00abAdem\u00e1s de la se\u00f1al abierta de televisi\u00f3n, pueden seguir todos los detalles, cortes, tras c\u00e1maras y contenido exclusivo a trav\u00e9s de las cuentas de Instagram: <strong><a href=\"https:\/\/www.instagram.com\/yolesalazar\/\" data-type=\"link\" data-id=\"https:\/\/www.instagram.com\/yolesalazar\/\" target=\"_blank\" rel=\"noreferrer noopener\">@yolesalazar<\/a> | <a href=\"https:\/\/www.instagram.com\/canal_i\/\" data-type=\"link\" data-id=\"https:\/\/www.instagram.com\/canal_i\/\" target=\"_blank\" rel=\"noreferrer noopener\">@cana_i<\/a> | <a href=\"https:\/\/www.instagram.com\/estilosaludable_i\/\" data-type=\"link\" data-id=\"https:\/\/www.instagram.com\/estilosaludable_i\/\" target=\"_blank\" rel=\"noreferrer noopener\">@estilosaludable_i<\/a><\/strong> y por nuestro canal de YouTube o app\u00bb, remata la animadora con m\u00e1s de 20 a\u00f1os trabajando en la industria de la televisi\u00f3n, en facetas como la actuaci\u00f3n, conducci\u00f3n, producci\u00f3n y locuci\u00f3n en radio.<\/p>\n\n\n\n<hr class=\"wp-block-separator has-text-color has-luminous-vivid-orange-color has-alpha-channel-opacity has-luminous-vivid-orange-background-color has-background is-style-wide\"\/>\n\n\n\n<p>Prensa: Jos\u00e9 Gabriel D\u00edaz | Canal i<\/p>\n\n\n\n<hr class=\"wp-block-separator has-text-color has-luminous-vivid-orange-color has-alpha-channel-opacity has-luminous-vivid-orange-background-color has-background is-style-wide\"\/>\n","protected":false},"excerpt":{"rendered":"<p>Yolenny Salazar conduce el espacio que volvi\u00f3 renovado, estrenando set, todos los domingos a las 9:00 de la ma\u00f1ana. Un espacio integral -enfocado en el bienestar, la calidad de vida y los h\u00e1bitos de salud consciente- sirve a Canal i para promover el \u00abEstilo Saludable\u00bb que todos merecemos. Conducido por Yolenny Salazar, con emisiones los <\/p>\n","protected":false},"author":3,"featured_media":52893,"comment_status":"closed","ping_status":"open","sticky":false,"template":"","format":"standard","meta":{"footnotes":""},"categories":[319,321],"tags":[],"class_list":["post-52890","post","type-post","status-publish","format-standard","has-post-thumbnail","hentry","category-farandula","category-nacional-farandula"],"_links":{"self":[{"href":"https:\/\/arumbear.com\/ve\/wp-json\/wp\/v2\/posts\/52890","targetHints":{"allow":["GET"]}}],"collection":[{"href":"https:\/\/arumbear.com\/ve\/wp-json\/wp\/v2\/posts"}],"about":[{"href":"https:\/\/arumbear.com\/ve\/wp-json\/wp\/v2\/types\/post"}],"author":[{"embeddable":true,"href":"https:\/\/arumbear.com\/ve\/wp-json\/wp\/v2\/users\/3"}],"replies":[{"embeddable":true,"href":"https:\/\/arumbear.com\/ve\/wp-json\/wp\/v2\/comments?post=52890"}],"version-history":[{"count":3,"href":"https:\/\/arumbear.com\/ve\/wp-json\/wp\/v2\/posts\/52890\/revisions"}],"predecessor-version":[{"id":52895,"href":"https:\/\/arumbear.com\/ve\/wp-json\/wp\/v2\/posts\/52890\/revisions\/52895"}],"wp:featuredmedia":[{"embeddable":true,"href":"https:\/\/arumbear.com\/ve\/wp-json\/wp\/v2\/media\/52893"}],"wp:attachment":[{"href":"https:\/\/arumbear.com\/ve\/wp-json\/wp\/v2\/media?parent=52890"}],"wp:term":[{"taxonomy":"category","embeddable":true,"href":"https:\/\/arumbear.com\/ve\/wp-json\/wp\/v2\/categories?post=52890"},{"taxonomy":"post_tag","embeddable":true,"href":"https:\/\/arumbear.com\/ve\/wp-json\/wp\/v2\/tags?post=52890"}],"curies":[{"name":"wp","href":"https:\/\/api.w.org\/{rel}","templated":true}]}}